{"id":865,"date":"2021-06-03T10:02:00","date_gmt":"2021-06-03T08:02:00","guid":{"rendered":"http:\/\/democratie-au-coeur-de-psl.fr\/?p=865"},"modified":"2021-06-02T11:57:55","modified_gmt":"2021-06-02T09:57:55","slug":"prime-du-president-et-delegation-de-competences","status":"publish","type":"post","link":"https:\/\/democratie-au-coeur-de-psl.fr\/?p=865","title":{"rendered":"Prime du pr\u00e9sident  et d\u00e9l\u00e9gation de comp\u00e9tences"},"content":{"rendered":"\n<p class=\"has-drop-cap\">La r\u00e9union du conseil d&rsquo;administration du mois d&rsquo;avril \u00e9tait notamment consacr\u00e9e  \u00e0  la prime du pr\u00e9sident du s\u00e9nat acad\u00e9mique et  la d\u00e9l\u00e9gation de comp\u00e9tences de l&rsquo;universit\u00e9 \u00e0 sa fondation. Ce dernier point apparemment  technique  a donn\u00e9 lieu \u00e0 des \u00e9changes instructifs. D&rsquo;autres points comme l&rsquo;attribution d&rsquo;une aide d&rsquo;urgence aux \u00e9tudiants ont \u00e9galement \u00e9t\u00e9 trait\u00e9s. L&rsquo;ordre du jour complet est disponible <a rel=\"noreferrer noopener\" aria-label=\" (s\u2019ouvre dans un nouvel onglet)\" href=\"http:\/\/democratie-au-coeur-de-psl.fr\/wp-content\/uploads\/2021\/04\/Ordre-du-jour-CA-Universit\u00e9-15-avril-2021-V2.pdf\" target=\"_blank\">ici<\/a>. <\/p>\n\n\n\n<h2 class=\"wp-block-heading\">Prime du pr\u00e9sident du s\u00e9nat acad\u00e9mique<\/h2>\n\n\n\n<p class=\"has-drop-cap\">Nos comptes-rendus \u00e9tant trop longs, nous commen\u00e7ons par un point qui int\u00e9resse sans doute largement la communaut\u00e9 PSL. Comme l&rsquo;indique <a rel=\"noreferrer noopener\" aria-label=\" (s\u2019ouvre dans un nouvel onglet)\" href=\"http:\/\/democratie-au-coeur-de-psl.fr\/wp-content\/uploads\/2021\/04\/Doc-5-D\u00e9lib\u00e9ration-prime-du-Pr\u00e9sident-du-S\u00e9nat-et-taux-de-vacation-du-Vice-pr\u00e9sident.pdf\" target=\"_blank\">ce document<\/a> qui nous a \u00e9t\u00e9 soumis, la direction de PSL propose d&rsquo;attribuer une prime de pr\u00e8s de 15 000 euros brut par an au pr\u00e9sident du <a rel=\"noreferrer noopener\" aria-label=\" (s\u2019ouvre dans un nouvel onglet)\" href=\"https:\/\/psl.eu\/senat-academique\" target=\"_blank\">s\u00e9nat acad\u00e9mique<\/a>, et ce apr\u00e8s consultation du <a href=\"https:\/\/psl.eu\/sites\/default\/files\/PDF\/Reglement%20interieur%20Universite%20PSL.pdf\">comit\u00e9 des r\u00e9mun\u00e9rations<\/a> de PSL (<em>voir p. 16 du r\u00e8glement int\u00e9rieur<\/em>). <\/p>\n\n\n\n<figure class=\"wp-block-image size-large is-resized\"><img loading=\"lazy\" decoding=\"async\" src=\"http:\/\/democratie-au-coeur-de-psl.fr\/wp-content\/uploads\/2021\/04\/psl-senat-acad-1024x520.png\" alt=\"S\u00e9nat acad\u00e9mique\" class=\"wp-image-878\" width=\"591\" height=\"299\" srcset=\"https:\/\/democratie-au-coeur-de-psl.fr\/wp-content\/uploads\/2021\/04\/psl-senat-acad-1024x520.png 1024w, https:\/\/democratie-au-coeur-de-psl.fr\/wp-content\/uploads\/2021\/04\/psl-senat-acad-300x152.png 300w, https:\/\/democratie-au-coeur-de-psl.fr\/wp-content\/uploads\/2021\/04\/psl-senat-acad-768x390.png 768w, https:\/\/democratie-au-coeur-de-psl.fr\/wp-content\/uploads\/2021\/04\/psl-senat-acad-1200x610.png 1200w, https:\/\/democratie-au-coeur-de-psl.fr\/wp-content\/uploads\/2021\/04\/psl-senat-acad.png 1319w\" sizes=\"(max-width: 591px) 100vw, 591px\" \/><figcaption>Capture d&rsquo;\u00e9cran du site de PSL \u00e0 propos du s\u00e9nat acad\u00e9mique.<\/figcaption><\/figure>\n\n\n\n<p>L&rsquo;attribution d&rsquo;une telle prime est notamment justifi\u00e9e par la direction, fortement soutenue par le <a rel=\"noreferrer noopener\" href=\"https:\/\/psl.eu\/comex-et-directoire\" target=\"_blank\">directoire<\/a>, par le temps consacr\u00e9 \u00e0 la fonction. Le chiffre de 13 jours de travail mensuel est avanc\u00e9,  avec une liste \u00e0 la Pr\u00e9vert des t\u00e2ches qui incombent \u00e0 l&rsquo;infortun\u00e9. Mais qui ressemble fort \u00e0 la <em>todo list<\/em> de beaucoup d&rsquo;entre nous. Le montant a \u00e9t\u00e9 calcul\u00e9 en fonction de la prime per\u00e7ue par les responsables de fili\u00e8re du <a rel=\"noreferrer noopener\" aria-label=\" (s\u2019ouvre dans un nouvel onglet)\" href=\"https:\/\/cpes.psl.eu\/\" target=\"_blank\">CPES<\/a>. La direction de PSL est l\u00e0 encore peu s\u00e9rieuse, car aucune m\u00e9thodologie ni aucun document n&rsquo;ont \u00e9t\u00e9 pr\u00e9sent\u00e9s qui permettraient d&rsquo;\u00e9valuer la charge de travail sp\u00e9cifique du pr\u00e9sident du s\u00e9nat.<\/p>\n\n\n\n<p>Commen\u00e7ons par pr\u00e9ciser  que <strong>nous d\u00e9sapprouvons aussi les primes de des responsables p\u00e9dagogiques<\/strong> qui ont \u00e9t\u00e9 prises pour mod\u00e8le. La multiplication des r\u00e9mun\u00e9rations des managers de l&rsquo;ESR, chaque jour plus nombreux, t\u00e9moigne une fois encore des mutations d\u00e9l\u00e9t\u00e8res du monde acad\u00e9mique.  <\/p>\n\n\n\n<div class=\"wp-block-image\"><figure class=\"aligncenter size-large\"><img loading=\"lazy\" decoding=\"async\" width=\"500\" height=\"480\" src=\"http:\/\/democratie-au-coeur-de-psl.fr\/wp-content\/uploads\/2021\/06\/Felicianusandprimus.jpg\" alt=\"\" class=\"wp-image-957\" srcset=\"https:\/\/democratie-au-coeur-de-psl.fr\/wp-content\/uploads\/2021\/06\/Felicianusandprimus.jpg 500w, https:\/\/democratie-au-coeur-de-psl.fr\/wp-content\/uploads\/2021\/06\/Felicianusandprimus-300x288.jpg 300w\" sizes=\"(max-width: 500px) 100vw, 500px\" \/><figcaption>Saints Primus et Felicianus. Wikimedia commons.<\/figcaption><\/figure><\/div>\n\n\n\n<p> Un <strong>large consensus<\/strong> a rassembl\u00e9 les \u00e9lu\u00b7es contre l&rsquo;octroi d&rsquo;une telle prime.   L&rsquo;un d&rsquo;entre nous a fait remarqu\u00e9 que cette initiative \u00e9tait choquante \u00e0 l&rsquo;heure o\u00f9 un grand nombre de personnels de nos \u00e9tablissements sont en souffrance car en surcharge de travail chronique, et que pour elles et eux, les primes se font plut\u00f4t rares (qu&rsquo;on en juge dans son \u00e9tablissement par la liste des r\u00e9cipiendaires de la prime covid) et le salaire plut\u00f4t bas !  <\/p>\n\n\n\n<p><strong>Plusieurs \u00e9lu\u00b7es<\/strong> ont pris la parole pour exprimer leur <strong>profond d\u00e9saccord avec une telle initiative<\/strong>. L&rsquo;un pour rappeler que la personne qui occupera cette fonction le fera sur son temps de travail pour lequel elle est d\u00e9j\u00e0 r\u00e9mun\u00e9r\u00e9e. Plusieurs autres pour signifier que les \u00e9lu\u00b7es des conseils, de PSL ou des \u00e9tablissements-composantes, par exemple des conseils techniques, ont aussi des charges de travail tout \u00e0 fait cons\u00e9quentes. Que nous m\u00eame, \u00e9lu\u00b7es du CA (qui ne voulons surtout pas de prime pour \u00e7a), assurons cette repr\u00e9sentation en plus de notre travail (contrairement au directoire), que nous demandons l&rsquo;avis dans les diff\u00e9rents \u00e9tablissements-composantes,  dans les sections syndicales locales, <em>etc<\/em>. <\/p>\n\n\n\n<figure class=\"wp-block-image size-large\"><img loading=\"lazy\" decoding=\"async\" width=\"600\" height=\"300\" src=\"http:\/\/democratie-au-coeur-de-psl.fr\/wp-content\/uploads\/2021\/06\/howprofessorsspendtheirtimephdcomics.png\" alt=\"\" class=\"wp-image-959\" srcset=\"https:\/\/democratie-au-coeur-de-psl.fr\/wp-content\/uploads\/2021\/06\/howprofessorsspendtheirtimephdcomics.png 600w, https:\/\/democratie-au-coeur-de-psl.fr\/wp-content\/uploads\/2021\/06\/howprofessorsspendtheirtimephdcomics-300x150.png 300w\" sizes=\"(max-width: 600px) 100vw, 600px\" \/><\/figure>\n\n\n\n<p>Une autre <strong>critique<\/strong>, relay\u00e9e par plusieurs \u00e9lu\u00b7es, portait <strong>sur la m\u00e9thode choisie pour la mise en place de cette prime<\/strong>. Il aurait \u00e9t\u00e9 pour le moins plus correct de le faire avant l&rsquo;\u00e9lection des membres du s\u00e9nat.  <\/p>\n\n\n\n<p>R\u00e9agissant \u00e0 la demande d&rsquo;<a rel=\"noreferrer noopener\" aria-label=\" (s\u2019ouvre dans un nouvel onglet)\" href=\"https:\/\/psl.eu\/en\/alain-fuchs\" target=\"_blank\">Alain Fuchs<\/a> que des membres du directoire s&rsquo;expriment, seul <a rel=\"noreferrer noopener\" aria-label=\" (s\u2019ouvre dans un nouvel onglet)\" href=\"https:\/\/www.marcmezard.fr\/\" target=\"_blank\">Marc M\u00e9zard<\/a>, directeur de l&rsquo;ENS, a pris la parole pour d\u00e9fendre cette proposition. On peut noter que ce mutisme du directoire sur les sujets clivants mais peu dangereux pour la direction est une des caract\u00e9ristiques  des r\u00e9unions de ce conseil.  <\/p>\n\n\n\n<p class=\"has-background has-light-gray-background-color\"><strong>Vote :<\/strong> 23 pour, 10 contre, 4 abstentions. <\/p>\n\n\n\n<p class=\"has-background has-light-blue-background-color\">Ce vote est tout \u00e0 fait exceptionnel et t\u00e9moigne de la convergence de vues des \u00e9lu\u00b7es sur cette question. <\/p>\n\n\n\n<p><em><strong>Note : <\/strong> l&rsquo;attribution d&rsquo;une \u00ab r\u00e9mun\u00e9ration \u00bb (sous forme de vacations) du vice-pr\u00e9sident \u00e9tudiant \u00e9tait initialement pr\u00e9vue, mais les \u00e9lu\u00b7es \u00e9tudiant\u00b7es, que nous avons soutenu\u00b7es, s&rsquo;y sont oppos\u00e9\u00b7es tr\u00e8s fermement en r\u00e9union pr\u00e9paratoire du CA, et A. Fuchs, malgr\u00e9 une proposition de r\u00e9union avec ces \u00e9lu\u00b7es pour leur communiquer les \u00ab \u00e9l\u00e9ments de langage \u00bb permettant de justifier une telle r\u00e9mun\u00e9ration (proposition que nous avons trouv\u00e9 scandaleuse), a \u00e9t\u00e9 contraint de retirer cette proposition.  <\/em><\/p>\n\n\n\n<h2 class=\"wp-block-heading\">D\u00e9l\u00e9gation de comp\u00e9tences \u00e0 la fondation<\/h2>\n\n\n\n<p class=\"has-drop-cap\">Le conseil devait \u00e9galement se prononcer sur la d\u00e9l\u00e9gation par l&rsquo;universit\u00e9 \u00e0 la <a href=\"https:\/\/psl.eu\/fondation-psl\" target=\"_blank\" rel=\"noreferrer noopener\" aria-label=\" (s\u2019ouvre dans un nouvel onglet)\">fondation de PSL<\/a> d&rsquo;un certain nombre de comp\u00e9tences en mati\u00e8re d\u2019innovation, d\u2019entrepreneuriat et de valorisation. La convention soumise au vote est consultable <a href=\"http:\/\/democratie-au-coeur-de-psl.fr\/wp-content\/uploads\/2021\/04\/Doc-6A-Convention-de-d\u00e9l\u00e9gation-des-comp\u00e9tences.pdf\" target=\"_blank\" rel=\"noreferrer noopener\" aria-label=\" (s\u2019ouvre dans un nouvel onglet)\">ici<\/a>. La d\u00e9l\u00e9gation nous est pr\u00e9sent\u00e9e comme une fa\u00e7on d&rsquo;ent\u00e9riner ce que fait d\u00e9j\u00e0 <em>de facto<\/em> la fondation, \u00e0 l&rsquo;exception de la gestion de la formation <a href=\"https:\/\/psl.eu\/innovation\/entreprendre-psl\/entrepreneuriat-etudiant\" target=\"_blank\" rel=\"noreferrer noopener\" aria-label=\" (s\u2019ouvre dans un nouvel onglet)\">p\u00e9pite<\/a>.  <\/p>\n\n\n\n<blockquote class=\"wp-block-quote is-layout-flow wp-block-quote-is-layout-flow\"><p>Au titre de ses statuts modifi\u00e9s, la Fondation PSL dispose [&#8230;] d\u2019un objet social visant \u00e0 \u00ab renforcer les interactions entre la recherche acad\u00e9mique et les besoins socio-\u00e9conomiques \u00bb et \u00e0 \u00ab agir comme un moteur de la croissance \u00e9conomique et de l\u2019innovation \u00bb.<\/p><cite>Extrait de la convention \u00e0 valider par le conseil. <\/cite><\/blockquote>\n\n\n\n<p>La convention pr\u00e9cise qu&rsquo;un bilan financier et un compte-rendu d&rsquo;activit\u00e9s et scientifique doit \u00eatre transmis \u00e0 la pr\u00e9sidence de PSL chaque ann\u00e9e. Nous avons demand\u00e9 si ce bilan sera consultable par les membres du CA. Le directeur g\u00e9n\u00e9ral des services a expliqu\u00e9 que cela nous serait accord\u00e9. <\/p>\n\n\n\n<p>Nous sommes intervenu\u00b7es pour souligner nos interrogations sur la pertinence de d\u00e9l\u00e9guer encore un peu plus de comp\u00e9tences \u00e0 la fondation, alors que depuis 14 mois que nous si\u00e9geons, on nous a d\u00e9j\u00e0 oppos\u00e9 \u00e0 plusieurs reprises que puisque  nous n&rsquo;\u00e9tions pas membres du CA de la fondation, nous n&rsquo;\u00e9tions pas en droit de r\u00e9clamer tel ou tel document. C&rsquo;est le cas des documents ayant trait au m\u00e9c\u00e9nat, mais aussi \u00e0 <a rel=\"noreferrer noopener\" aria-label=\" (s\u2019ouvre dans un nouvel onglet)\" href=\"http:\/\/democratie-au-coeur-de-psl.fr\/?p=703\" target=\"_blank\">la fameuse chaire AFD<\/a> dont il a \u00e9t\u00e9 question dans un pr\u00e9c\u00e9dent compte-rendu. <\/p>\n\n\n\n<figure class=\"wp-block-image size-large is-resized\"><img loading=\"lazy\" decoding=\"async\" src=\"http:\/\/democratie-au-coeur-de-psl.fr\/wp-content\/uploads\/2021\/06\/4553793753_38f292c22a_b.jpg\" alt=\"\" class=\"wp-image-961\" width=\"563\" height=\"374\" srcset=\"https:\/\/democratie-au-coeur-de-psl.fr\/wp-content\/uploads\/2021\/06\/4553793753_38f292c22a_b.jpg 1024w, https:\/\/democratie-au-coeur-de-psl.fr\/wp-content\/uploads\/2021\/06\/4553793753_38f292c22a_b-300x199.jpg 300w, https:\/\/democratie-au-coeur-de-psl.fr\/wp-content\/uploads\/2021\/06\/4553793753_38f292c22a_b-768x510.jpg 768w\" sizes=\"(max-width: 563px) 100vw, 563px\" \/><\/figure>\n\n\n\n<p>C\u00e9dric Prunier nous a fait remarquer que <strong>nous devrions  \u00ab nous estimer heureux \u00bb de nous voir pr\u00e9senter les budgets initiaux \u00ab\u00a0sous leur forme\u00a0consolid\u00e9e \u00bb<\/strong>, c&rsquo;est-\u00e0-dire de pr\u00e9senter conjointement les comptes de l&rsquo;universit\u00e9 et de sa fondation. Ceci est notamment utile pour analyser (et justifier aupr\u00e8s du CA) les flux financiers entre les deux \u00e9tablissements.   Pour les responsables de notre universit\u00e9, c&rsquo;est donc un \u00ab cadeau \u00bb que de donner les moyens aux membres du CA de prendre des d\u00e9cisions fond\u00e9es sur un minimum d&rsquo;informations objectives.  Encore une fois, nous avons l\u00e0 une illustration de la gestion \u00ab d\u00e9mocratique \u00bb  de PSL et de la consid\u00e9ration que la direction porte aux \u00e9lu\u00b7es. <\/p>\n\n\n\n<p class=\"has-background has-bright-red-background-color\"><strong>Vote<\/strong> : 7 contre (<strong><em>de m\u00e9moire, \u00e0 valider donc<\/em><\/strong>) et 30 pour. <\/p>\n\n\n\n<h2 class=\"wp-block-heading\">Fonds d&rsquo;aide d&rsquo;urgence aux \u00e9tudiants<\/h2>\n\n\n\n<p>Nous avons \u00e9galement discut\u00e9 lors de ce CA d\u2019un nouveau dispositif d\u2019aide d\u2019urgence aux \u00e9tudiant\u00b7es des \u00e9tablissements PSL les plus touch\u00e9\u00b7es par la crise sanitaire. Celui-ci s&rsquo;\u00e9l\u00e8ve \u00e0 50\u00a0000 euros et \u00e0 vocation \u00e0 intervenir en mati\u00e8re d\u2019aide sociale et d\u2019\u00e9quipement num\u00e9rique. L\u2019aide sociale et ponctuelle est a vocation \u00e0 \u00eatre d\u00e9clench\u00e9 lorsque la situation financi\u00e8re de l\u2019\u00e9tudiant\u00b7es s\u2019est d\u00e9grad\u00e9e. L\u2019aide num\u00e9rique prend elle la forme d\u2019un montant forfaitaire lui permettant d\u2019acc\u00e9der \u00e0 une connexion internet (cl\u00e9 4G) ou \u00e0 du mat\u00e9riel ad\u00e9quat.<\/p>\n\n\n\n<p>Ce dispositif venant s\u2019ajouter\naux autres, nous avons voter pour la cr\u00e9ation de ce nouveau fond d\u2019aide. <\/p>\n\n\n\n<p class=\"has-background has-light-gray-background-color\"><strong>Vote<\/strong> : pour \u00e0 l&rsquo;unanimit\u00e9.<\/p>\n\n\n\n<h2 class=\"wp-block-heading\">Lutte contre les violences sexuelles et sexistes<\/h2>\n\n\n\n<p>Ce CA fut \u00e9galement l\u2019occasion de discuter et d\u2019approuver une partie du plan d\u2019action \u00e9galit\u00e9 professionnelle Femmes-Hommes d\u00e9di\u00e9 aux violences sexuelles et sexistes et plus largement aux discriminations. Le document  pr\u00e9cise les actions qui seront mises en place (formations pour les personnels et les \u00e9tudiant\u00b7es et \u00e9v\u00e8nements sp\u00e9cifiques principalement) et des modalit\u00e9s d\u2019\u00e9valuation de cette politique. <\/p>\n\n\n\n<p>Si ce texte est \u00e9videmment quelque chose qui va dans \u00ab le bon sens \u00bb, nous regrettons tout de m\u00eame le manque d&rsquo;ambition, et surtout le manque de r\u00e9elles propositions concr\u00e8tes. Beaucoup des choses dans ce document sont en de\u00e7\u00e0 de ce qui est d\u00e9j\u00e0 fait dans certains \u00e9tablissements-composantes. La route reste longue. <\/p>\n\n\n\n<p class=\"has-background has-light-gray-background-color\"> <strong>Vote :<\/strong> pour \u00e0 l&rsquo;unanimit\u00e9.<\/p>\n\n\n\n<h2 class=\"wp-block-heading\">Commissaire aux comptes <\/h2>\n\n\n\n<p class=\"has-drop-cap\">Apr\u00e8s l&rsquo;habituel approbation des comptes-rendus des conseils pr\u00e9c\u00e9dents, la s\u00e9ance s&rsquo;est ouverte sur la d\u00e9signation par le conseil des commissaires aux comptes. Le document sur lequel nous devions arbitrer est disponible <a href=\"http:\/\/democratie-au-coeur-de-psl.fr\/wp-content\/uploads\/2021\/04\/Doc-3-D\u00e9lib\u00e9ration-pour-la-d\u00e9signation-des-commissaires-aux-comptes.pdf\" target=\"_blank\" rel=\"noreferrer noopener\" aria-label=\" (s\u2019ouvre dans un nouvel onglet)\">ici<\/a>. <\/p>\n\n\n\n<figure class=\"wp-block-image size-large is-resized\"><img loading=\"lazy\" decoding=\"async\" src=\"http:\/\/democratie-au-coeur-de-psl.fr\/wp-content\/uploads\/2021\/04\/EY-logo-horizontal-stacked-gray-1024x559.png\" alt=\"\" class=\"wp-image-870\" width=\"596\" height=\"325\" srcset=\"https:\/\/democratie-au-coeur-de-psl.fr\/wp-content\/uploads\/2021\/04\/EY-logo-horizontal-stacked-gray-1024x559.png 1024w, https:\/\/democratie-au-coeur-de-psl.fr\/wp-content\/uploads\/2021\/04\/EY-logo-horizontal-stacked-gray-300x164.png 300w, https:\/\/democratie-au-coeur-de-psl.fr\/wp-content\/uploads\/2021\/04\/EY-logo-horizontal-stacked-gray-768x419.png 768w, https:\/\/democratie-au-coeur-de-psl.fr\/wp-content\/uploads\/2021\/04\/EY-logo-horizontal-stacked-gray-1536x838.png 1536w, https:\/\/democratie-au-coeur-de-psl.fr\/wp-content\/uploads\/2021\/04\/EY-logo-horizontal-stacked-gray-2048x1117.png 2048w, https:\/\/democratie-au-coeur-de-psl.fr\/wp-content\/uploads\/2021\/04\/EY-logo-horizontal-stacked-gray-1200x655.png 1200w\" sizes=\"(max-width: 596px) 100vw, 596px\" \/><figcaption>Le cabinet Ernst et Young Audit est l&rsquo;un des deux vainqueurs du march\u00e9 public. <\/figcaption><\/figure>\n\n\n\n<p>On peut y lire que PSL doit d\u00e9bourser plus de <strong>230 000 euros pour une p\u00e9riode de 6 ans<\/strong>.  Le directeur g\u00e9n\u00e9ral des services nous dit \u00eatre aussi d\u00e9sol\u00e9  que nous que l&rsquo;on soit oblig\u00e9 de gaspiller ainsi de l&rsquo;argent public. Mais le directeur de Nokia France, personnalit\u00e9 qualifi\u00e9e de ce conseil, souligne que c&rsquo;est peu au vu des tarifs pratiqu\u00e9s dans le secteur. On peut tout de m\u00eame regretter que ces cabinets de conseil gagnent tant pour un service qui leur prend peu de temps. Comme l&rsquo;a \u00e9galement soulign\u00e9 <a rel=\"noreferrer noopener\" aria-label=\" (s\u2019ouvre dans un nouvel onglet)\" href=\"https:\/\/psl.eu\/cedric-prunier\" target=\"_blank\">C\u00e9dric Prunier<\/a>, ce sont surtout  les \u00e9quipes de PSL qui travaillent pour la production des documents l\u00e9gaux. <\/p>\n\n\n\n<p class=\"has-background has-light-gray-background-color\"><strong>Vote : <\/strong>unanimit\u00e9 moins une abstention. Nous avons vot\u00e9 pour notamment parce que la certification des comptes est impos\u00e9e par l\u2019\u00c9tat. Si vous avez un avis diff\u00e9rent (et argument\u00e9), faites-nous-en part ! Nous ne sommes pas infaillibles, loin s&rsquo;en faut.  <\/p>\n\n\n\n<h2 class=\"wp-block-heading\">Politique des frais de gestion <\/h2>\n\n\n\n<p class=\"has-drop-cap\">Le conseil s&rsquo;est \u00e9galement prononc\u00e9 pour la perception de 3% de frais de gestion des sommes revers\u00e9es par convention \u00e0 ses \u00e9tablissements-composantes et membres associ\u00e9s sur les financements&nbsp;des laboratoires d\u2019excellence (LABEX), des  \u00e9coles universitaires de recherche (EUR)&nbsp;et  \u00e9quipements structurants pour la recherche (EQUIPEX +).  <\/p>\n\n\n\n<p class=\"has-background has-light-gray-background-color\"><strong>Vote :<\/strong> unanimit\u00e9. <\/p>\n","protected":false},"excerpt":{"rendered":"<p>La r\u00e9union du conseil d&rsquo;administration du mois d&rsquo;avril \u00e9tait notamment consacr\u00e9e \u00e0 la prime du pr\u00e9sident du s\u00e9nat acad\u00e9mique et la d\u00e9l\u00e9gation de comp\u00e9tences de l&rsquo;universit\u00e9 \u00e0 sa fondation. Ce dernier point apparemment technique a donn\u00e9 lieu \u00e0 des \u00e9changes instructifs. D&rsquo;autres points comme l&rsquo;attribution d&rsquo;une aide d&rsquo;urgence aux \u00e9tudiants ont \u00e9galement \u00e9t\u00e9 trait\u00e9s. L&rsquo;ordre &hellip;<\/p>\n<p class=\"read-more\"> <a class=\"\" href=\"https:\/\/democratie-au-coeur-de-psl.fr\/?p=865\"> <span class=\"screen-reader-text\">Prime du pr\u00e9sident  et d\u00e9l\u00e9gation de comp\u00e9tences<\/span> Lire la suite\u00a0\u00bb<\/a><\/p>\n","protected":false},"author":2,"featured_media":966,"comment_status":"closed","ping_status":"closed","sticky":false,"template":"","format":"standard","meta":{"_jetpack_memberships_contains_paid_content":false,"footnotes":""},"categories":[17],"tags":[20,18,19],"yoast_head":"<!-- This site is optimized with the Yoast SEO plugin v22.9 - https:\/\/yoast.com\/wordpress\/plugins\/seo\/ -->\n<title>Prime du pr\u00e9sident et d\u00e9l\u00e9gation de comp\u00e9tences - D\u00e9mocratie et int\u00e9r\u00eat g\u00e9n\u00e9ral au c\u0153ur de PSL<\/title>\n<meta name=\"robots\" content=\"index, follow, max-snippet:-1, max-image-preview:large, max-video-preview:-1\" \/>\n<link rel=\"canonical\" href=\"https:\/\/democratie-au-coeur-de-psl.fr\/?p=865\" \/>\n<meta property=\"og:locale\" content=\"fr_FR\" \/>\n<meta property=\"og:type\" content=\"article\" \/>\n<meta property=\"og:title\" content=\"Prime du pr\u00e9sident et d\u00e9l\u00e9gation de comp\u00e9tences - D\u00e9mocratie et int\u00e9r\u00eat g\u00e9n\u00e9ral au c\u0153ur de PSL\" \/>\n<meta property=\"og:description\" content=\"La r\u00e9union du conseil d&rsquo;administration du mois d&rsquo;avril \u00e9tait notamment consacr\u00e9e \u00e0 la prime du pr\u00e9sident du s\u00e9nat acad\u00e9mique et la d\u00e9l\u00e9gation de comp\u00e9tences de l&rsquo;universit\u00e9 \u00e0 sa fondation. Ce dernier point apparemment technique a donn\u00e9 lieu \u00e0 des \u00e9changes instructifs. D&rsquo;autres points comme l&rsquo;attribution d&rsquo;une aide d&rsquo;urgence aux \u00e9tudiants ont \u00e9galement \u00e9t\u00e9 trait\u00e9s. L&rsquo;ordre &hellip; Prime du pr\u00e9sident et d\u00e9l\u00e9gation de comp\u00e9tences Lire la suite\u00a0\u00bb\" \/>\n<meta property=\"og:url\" content=\"https:\/\/democratie-au-coeur-de-psl.fr\/?p=865\" \/>\n<meta property=\"og:site_name\" content=\"D\u00e9mocratie et int\u00e9r\u00eat g\u00e9n\u00e9ral au c\u0153ur de PSL\" \/>\n<meta property=\"article:published_time\" content=\"2021-06-03T08:02:00+00:00\" \/>\n<meta property=\"article:modified_time\" content=\"2021-06-02T09:57:55+00:00\" \/>\n<meta property=\"og:image\" content=\"https:\/\/democratie-au-coeur-de-psl.fr\/wp-content\/uploads\/2021\/06\/1024px-Cicer\u00f3n_denuncia_a_Catilina_por_Cesare_Maccari.jpg\" \/>\n\t<meta property=\"og:image:width\" content=\"1024\" \/>\n\t<meta property=\"og:image:height\" content=\"614\" \/>\n\t<meta property=\"og:image:type\" content=\"image\/jpeg\" \/>\n<meta name=\"author\" content=\"Vos \u00e9lu.es\" \/>\n<meta name=\"twitter:card\" content=\"summary_large_image\" \/>\n<meta name=\"twitter:creator\" content=\"@Syndic_CA_PSL\" \/>\n<meta name=\"twitter:site\" content=\"@Syndic_CA_PSL\" \/>\n<meta name=\"twitter:label1\" content=\"\u00c9crit par\" \/>\n\t<meta name=\"twitter:data1\" content=\"Vos \u00e9lu.es\" \/>\n\t<meta name=\"twitter:label2\" content=\"Dur\u00e9e de lecture estim\u00e9e\" \/>\n\t<meta name=\"twitter:data2\" content=\"8 minutes\" \/>\n<script type=\"application\/ld+json\" class=\"yoast-schema-graph\">{\"@context\":\"https:\/\/schema.org\",\"@graph\":[{\"@type\":\"Article\",\"@id\":\"https:\/\/democratie-au-coeur-de-psl.fr\/?p=865#article\",\"isPartOf\":{\"@id\":\"https:\/\/democratie-au-coeur-de-psl.fr\/?p=865\"},\"author\":{\"name\":\"Vos \u00e9lu.es\",\"@id\":\"https:\/\/democratie-au-coeur-de-psl.fr\/#\/schema\/person\/94958bdb1b80009262db6fc1e2df1838\"},\"headline\":\"Prime du pr\u00e9sident et d\u00e9l\u00e9gation de comp\u00e9tences\",\"datePublished\":\"2021-06-03T08:02:00+00:00\",\"dateModified\":\"2021-06-02T09:57:55+00:00\",\"mainEntityOfPage\":{\"@id\":\"https:\/\/democratie-au-coeur-de-psl.fr\/?p=865\"},\"wordCount\":1676,\"publisher\":{\"@id\":\"https:\/\/democratie-au-coeur-de-psl.fr\/#organization\"},\"image\":{\"@id\":\"https:\/\/democratie-au-coeur-de-psl.fr\/?p=865#primaryimage\"},\"thumbnailUrl\":\"https:\/\/democratie-au-coeur-de-psl.fr\/wp-content\/uploads\/2021\/06\/1024px-Cicer\u00f3n_denuncia_a_Catilina_por_Cesare_Maccari.jpg\",\"keywords\":[\"plan de formation\",\"Prime\",\"s\u00e9nat acad\u00e9mique\"],\"articleSection\":[\"CA du 15 avril\"],\"inLanguage\":\"fr-FR\"},{\"@type\":\"WebPage\",\"@id\":\"https:\/\/democratie-au-coeur-de-psl.fr\/?p=865\",\"url\":\"https:\/\/democratie-au-coeur-de-psl.fr\/?p=865\",\"name\":\"Prime du pr\u00e9sident et d\u00e9l\u00e9gation de comp\u00e9tences - D\u00e9mocratie et int\u00e9r\u00eat g\u00e9n\u00e9ral au c\u0153ur de PSL\",\"isPartOf\":{\"@id\":\"https:\/\/democratie-au-coeur-de-psl.fr\/#website\"},\"primaryImageOfPage\":{\"@id\":\"https:\/\/democratie-au-coeur-de-psl.fr\/?p=865#primaryimage\"},\"image\":{\"@id\":\"https:\/\/democratie-au-coeur-de-psl.fr\/?p=865#primaryimage\"},\"thumbnailUrl\":\"https:\/\/democratie-au-coeur-de-psl.fr\/wp-content\/uploads\/2021\/06\/1024px-Cicer\u00f3n_denuncia_a_Catilina_por_Cesare_Maccari.jpg\",\"datePublished\":\"2021-06-03T08:02:00+00:00\",\"dateModified\":\"2021-06-02T09:57:55+00:00\",\"breadcrumb\":{\"@id\":\"https:\/\/democratie-au-coeur-de-psl.fr\/?p=865#breadcrumb\"},\"inLanguage\":\"fr-FR\",\"potentialAction\":[{\"@type\":\"ReadAction\",\"target\":[\"https:\/\/democratie-au-coeur-de-psl.fr\/?p=865\"]}]},{\"@type\":\"ImageObject\",\"inLanguage\":\"fr-FR\",\"@id\":\"https:\/\/democratie-au-coeur-de-psl.fr\/?p=865#primaryimage\",\"url\":\"https:\/\/democratie-au-coeur-de-psl.fr\/wp-content\/uploads\/2021\/06\/1024px-Cicer\u00f3n_denuncia_a_Catilina_por_Cesare_Maccari.jpg\",\"contentUrl\":\"https:\/\/democratie-au-coeur-de-psl.fr\/wp-content\/uploads\/2021\/06\/1024px-Cicer\u00f3n_denuncia_a_Catilina_por_Cesare_Maccari.jpg\",\"width\":1024,\"height\":614},{\"@type\":\"BreadcrumbList\",\"@id\":\"https:\/\/democratie-au-coeur-de-psl.fr\/?p=865#breadcrumb\",\"itemListElement\":[{\"@type\":\"ListItem\",\"position\":1,\"name\":\"Accueil\",\"item\":\"https:\/\/democratie-au-coeur-de-psl.fr\/\"},{\"@type\":\"ListItem\",\"position\":2,\"name\":\"Prime du pr\u00e9sident et d\u00e9l\u00e9gation de comp\u00e9tences\"}]},{\"@type\":\"WebSite\",\"@id\":\"https:\/\/democratie-au-coeur-de-psl.fr\/#website\",\"url\":\"https:\/\/democratie-au-coeur-de-psl.fr\/\",\"name\":\"D\u00e9mocratie et int\u00e9r\u00eat g\u00e9n\u00e9ral au c\u0153ur de PSL\",\"description\":\"Listes soutenues par la CGT au CA de PSL\",\"publisher\":{\"@id\":\"https:\/\/democratie-au-coeur-de-psl.fr\/#organization\"},\"potentialAction\":[{\"@type\":\"SearchAction\",\"target\":{\"@type\":\"EntryPoint\",\"urlTemplate\":\"https:\/\/democratie-au-coeur-de-psl.fr\/?s={search_term_string}\"},\"query-input\":\"required name=search_term_string\"}],\"inLanguage\":\"fr-FR\"},{\"@type\":\"Organization\",\"@id\":\"https:\/\/democratie-au-coeur-de-psl.fr\/#organization\",\"name\":\"D\u00e9mocratie et int\u00e9r\u00eat g\u00e9n\u00e9ral au c\u0153ur de PSL\",\"url\":\"https:\/\/democratie-au-coeur-de-psl.fr\/\",\"logo\":{\"@type\":\"ImageObject\",\"inLanguage\":\"fr-FR\",\"@id\":\"https:\/\/democratie-au-coeur-de-psl.fr\/#\/schema\/logo\/image\/\",\"url\":\"https:\/\/democratie-au-coeur-de-psl.fr\/wp-content\/uploads\/2020\/07\/cropped-tableau-1.jpg\",\"contentUrl\":\"https:\/\/democratie-au-coeur-de-psl.fr\/wp-content\/uploads\/2020\/07\/cropped-tableau-1.jpg\",\"width\":1920,\"height\":640,\"caption\":\"D\u00e9mocratie et int\u00e9r\u00eat g\u00e9n\u00e9ral au c\u0153ur de PSL\"},\"image\":{\"@id\":\"https:\/\/democratie-au-coeur-de-psl.fr\/#\/schema\/logo\/image\/\"},\"sameAs\":[\"https:\/\/x.com\/Syndic_CA_PSL\"]},{\"@type\":\"Person\",\"@id\":\"https:\/\/democratie-au-coeur-de-psl.fr\/#\/schema\/person\/94958bdb1b80009262db6fc1e2df1838\",\"name\":\"Vos \u00e9lu.es\",\"image\":{\"@type\":\"ImageObject\",\"inLanguage\":\"fr-FR\",\"@id\":\"https:\/\/democratie-au-coeur-de-psl.fr\/#\/schema\/person\/image\/\",\"url\":\"https:\/\/secure.gravatar.com\/avatar\/4b1529e76fe9f2bba4337d161a6e4f8a?s=96&d=mm&r=g\",\"contentUrl\":\"https:\/\/secure.gravatar.com\/avatar\/4b1529e76fe9f2bba4337d161a6e4f8a?s=96&d=mm&r=g\",\"caption\":\"Vos \u00e9lu.es\"},\"url\":\"https:\/\/democratie-au-coeur-de-psl.fr\/?author=2\"}]}<\/script>\n<!-- \/ Yoast SEO plugin. -->","yoast_head_json":{"title":"Prime du pr\u00e9sident et d\u00e9l\u00e9gation de comp\u00e9tences - D\u00e9mocratie et int\u00e9r\u00eat g\u00e9n\u00e9ral au c\u0153ur de PSL","robots":{"index":"index","follow":"follow","max-snippet":"max-snippet:-1","max-image-preview":"max-image-preview:large","max-video-preview":"max-video-preview:-1"},"canonical":"https:\/\/democratie-au-coeur-de-psl.fr\/?p=865","og_locale":"fr_FR","og_type":"article","og_title":"Prime du pr\u00e9sident et d\u00e9l\u00e9gation de comp\u00e9tences - D\u00e9mocratie et int\u00e9r\u00eat g\u00e9n\u00e9ral au c\u0153ur de PSL","og_description":"La r\u00e9union du conseil d&rsquo;administration du mois d&rsquo;avril \u00e9tait notamment consacr\u00e9e \u00e0 la prime du pr\u00e9sident du s\u00e9nat acad\u00e9mique et la d\u00e9l\u00e9gation de comp\u00e9tences de l&rsquo;universit\u00e9 \u00e0 sa fondation. Ce dernier point apparemment technique a donn\u00e9 lieu \u00e0 des \u00e9changes instructifs. D&rsquo;autres points comme l&rsquo;attribution d&rsquo;une aide d&rsquo;urgence aux \u00e9tudiants ont \u00e9galement \u00e9t\u00e9 trait\u00e9s. L&rsquo;ordre &hellip; Prime du pr\u00e9sident et d\u00e9l\u00e9gation de comp\u00e9tences Lire la suite\u00a0\u00bb","og_url":"https:\/\/democratie-au-coeur-de-psl.fr\/?p=865","og_site_name":"D\u00e9mocratie et int\u00e9r\u00eat g\u00e9n\u00e9ral au c\u0153ur de PSL","article_published_time":"2021-06-03T08:02:00+00:00","article_modified_time":"2021-06-02T09:57:55+00:00","og_image":[{"width":1024,"height":614,"url":"https:\/\/democratie-au-coeur-de-psl.fr\/wp-content\/uploads\/2021\/06\/1024px-Cicer\u00f3n_denuncia_a_Catilina_por_Cesare_Maccari.jpg","type":"image\/jpeg"}],"author":"Vos \u00e9lu.es","twitter_card":"summary_large_image","twitter_creator":"@Syndic_CA_PSL","twitter_site":"@Syndic_CA_PSL","twitter_misc":{"\u00c9crit par":"Vos \u00e9lu.es","Dur\u00e9e de lecture estim\u00e9e":"8 minutes"},"schema":{"@context":"https:\/\/schema.org","@graph":[{"@type":"Article","@id":"https:\/\/democratie-au-coeur-de-psl.fr\/?p=865#article","isPartOf":{"@id":"https:\/\/democratie-au-coeur-de-psl.fr\/?p=865"},"author":{"name":"Vos \u00e9lu.es","@id":"https:\/\/democratie-au-coeur-de-psl.fr\/#\/schema\/person\/94958bdb1b80009262db6fc1e2df1838"},"headline":"Prime du pr\u00e9sident et d\u00e9l\u00e9gation de comp\u00e9tences","datePublished":"2021-06-03T08:02:00+00:00","dateModified":"2021-06-02T09:57:55+00:00","mainEntityOfPage":{"@id":"https:\/\/democratie-au-coeur-de-psl.fr\/?p=865"},"wordCount":1676,"publisher":{"@id":"https:\/\/democratie-au-coeur-de-psl.fr\/#organization"},"image":{"@id":"https:\/\/democratie-au-coeur-de-psl.fr\/?p=865#primaryimage"},"thumbnailUrl":"https:\/\/democratie-au-coeur-de-psl.fr\/wp-content\/uploads\/2021\/06\/1024px-Cicer\u00f3n_denuncia_a_Catilina_por_Cesare_Maccari.jpg","keywords":["plan de formation","Prime","s\u00e9nat acad\u00e9mique"],"articleSection":["CA du 15 avril"],"inLanguage":"fr-FR"},{"@type":"WebPage","@id":"https:\/\/democratie-au-coeur-de-psl.fr\/?p=865","url":"https:\/\/democratie-au-coeur-de-psl.fr\/?p=865","name":"Prime du pr\u00e9sident et d\u00e9l\u00e9gation de comp\u00e9tences - D\u00e9mocratie et int\u00e9r\u00eat g\u00e9n\u00e9ral au c\u0153ur de PSL","isPartOf":{"@id":"https:\/\/democratie-au-coeur-de-psl.fr\/#website"},"primaryImageOfPage":{"@id":"https:\/\/democratie-au-coeur-de-psl.fr\/?p=865#primaryimage"},"image":{"@id":"https:\/\/democratie-au-coeur-de-psl.fr\/?p=865#primaryimage"},"thumbnailUrl":"https:\/\/democratie-au-coeur-de-psl.fr\/wp-content\/uploads\/2021\/06\/1024px-Cicer\u00f3n_denuncia_a_Catilina_por_Cesare_Maccari.jpg","datePublished":"2021-06-03T08:02:00+00:00","dateModified":"2021-06-02T09:57:55+00:00","breadcrumb":{"@id":"https:\/\/democratie-au-coeur-de-psl.fr\/?p=865#breadcrumb"},"inLanguage":"fr-FR","potentialAction":[{"@type":"ReadAction","target":["https:\/\/democratie-au-coeur-de-psl.fr\/?p=865"]}]},{"@type":"ImageObject","inLanguage":"fr-FR","@id":"https:\/\/democratie-au-coeur-de-psl.fr\/?p=865#primaryimage","url":"https:\/\/democratie-au-coeur-de-psl.fr\/wp-content\/uploads\/2021\/06\/1024px-Cicer\u00f3n_denuncia_a_Catilina_por_Cesare_Maccari.jpg","contentUrl":"https:\/\/democratie-au-coeur-de-psl.fr\/wp-content\/uploads\/2021\/06\/1024px-Cicer\u00f3n_denuncia_a_Catilina_por_Cesare_Maccari.jpg","width":1024,"height":614},{"@type":"BreadcrumbList","@id":"https:\/\/democratie-au-coeur-de-psl.fr\/?p=865#breadcrumb","itemListElement":[{"@type":"ListItem","position":1,"name":"Accueil","item":"https:\/\/democratie-au-coeur-de-psl.fr\/"},{"@type":"ListItem","position":2,"name":"Prime du pr\u00e9sident et d\u00e9l\u00e9gation de comp\u00e9tences"}]},{"@type":"WebSite","@id":"https:\/\/democratie-au-coeur-de-psl.fr\/#website","url":"https:\/\/democratie-au-coeur-de-psl.fr\/","name":"D\u00e9mocratie et int\u00e9r\u00eat g\u00e9n\u00e9ral au c\u0153ur de PSL","description":"Listes soutenues par la CGT au CA de PSL","publisher":{"@id":"https:\/\/democratie-au-coeur-de-psl.fr\/#organization"},"potentialAction":[{"@type":"SearchAction","target":{"@type":"EntryPoint","urlTemplate":"https:\/\/democratie-au-coeur-de-psl.fr\/?s={search_term_string}"},"query-input":"required name=search_term_string"}],"inLanguage":"fr-FR"},{"@type":"Organization","@id":"https:\/\/democratie-au-coeur-de-psl.fr\/#organization","name":"D\u00e9mocratie et int\u00e9r\u00eat g\u00e9n\u00e9ral au c\u0153ur de PSL","url":"https:\/\/democratie-au-coeur-de-psl.fr\/","logo":{"@type":"ImageObject","inLanguage":"fr-FR","@id":"https:\/\/democratie-au-coeur-de-psl.fr\/#\/schema\/logo\/image\/","url":"https:\/\/democratie-au-coeur-de-psl.fr\/wp-content\/uploads\/2020\/07\/cropped-tableau-1.jpg","contentUrl":"https:\/\/democratie-au-coeur-de-psl.fr\/wp-content\/uploads\/2020\/07\/cropped-tableau-1.jpg","width":1920,"height":640,"caption":"D\u00e9mocratie et int\u00e9r\u00eat g\u00e9n\u00e9ral au c\u0153ur de PSL"},"image":{"@id":"https:\/\/democratie-au-coeur-de-psl.fr\/#\/schema\/logo\/image\/"},"sameAs":["https:\/\/x.com\/Syndic_CA_PSL"]},{"@type":"Person","@id":"https:\/\/democratie-au-coeur-de-psl.fr\/#\/schema\/person\/94958bdb1b80009262db6fc1e2df1838","name":"Vos \u00e9lu.es","image":{"@type":"ImageObject","inLanguage":"fr-FR","@id":"https:\/\/democratie-au-coeur-de-psl.fr\/#\/schema\/person\/image\/","url":"https:\/\/secure.gravatar.com\/avatar\/4b1529e76fe9f2bba4337d161a6e4f8a?s=96&d=mm&r=g","contentUrl":"https:\/\/secure.gravatar.com\/avatar\/4b1529e76fe9f2bba4337d161a6e4f8a?s=96&d=mm&r=g","caption":"Vos \u00e9lu.es"},"url":"https:\/\/democratie-au-coeur-de-psl.fr\/?author=2"}]}},"jetpack_sharing_enabled":true,"jetpack_featured_media_url":"https:\/\/democratie-au-coeur-de-psl.fr\/wp-content\/uploads\/2021\/06\/1024px-Cicer\u00f3n_denuncia_a_Catilina_por_Cesare_Maccari.jpg","_links":{"self":[{"href":"https:\/\/democratie-au-coeur-de-psl.fr\/index.php?rest_route=\/wp\/v2\/posts\/865"}],"collection":[{"href":"https:\/\/democratie-au-coeur-de-psl.fr\/index.php?rest_route=\/wp\/v2\/posts"}],"about":[{"href":"https:\/\/democratie-au-coeur-de-psl.fr\/index.php?rest_route=\/wp\/v2\/types\/post"}],"author":[{"embeddable":true,"href":"https:\/\/democratie-au-coeur-de-psl.fr\/index.php?rest_route=\/wp\/v2\/users\/2"}],"replies":[{"embeddable":true,"href":"https:\/\/democratie-au-coeur-de-psl.fr\/index.php?rest_route=%2Fwp%2Fv2%2Fcomments&post=865"}],"version-history":[{"count":66,"href":"https:\/\/democratie-au-coeur-de-psl.fr\/index.php?rest_route=\/wp\/v2\/posts\/865\/revisions"}],"predecessor-version":[{"id":1011,"href":"https:\/\/democratie-au-coeur-de-psl.fr\/index.php?rest_route=\/wp\/v2\/posts\/865\/revisions\/1011"}],"wp:featuredmedia":[{"embeddable":true,"href":"https:\/\/democratie-au-coeur-de-psl.fr\/index.php?rest_route=\/wp\/v2\/media\/966"}],"wp:attachment":[{"href":"https:\/\/democratie-au-coeur-de-psl.fr\/index.php?rest_route=%2Fwp%2Fv2%2Fmedia&parent=865"}],"wp:term":[{"taxonomy":"category","embeddable":true,"href":"https:\/\/democratie-au-coeur-de-psl.fr\/index.php?rest_route=%2Fwp%2Fv2%2Fcategories&post=865"},{"taxonomy":"post_tag","embeddable":true,"href":"https:\/\/democratie-au-coeur-de-psl.fr\/index.php?rest_route=%2Fwp%2Fv2%2Ftags&post=865"}],"curies":[{"name":"wp","href":"https:\/\/api.w.org\/{rel}","templated":true}]}}