{"id":572,"date":"2020-10-08T22:30:26","date_gmt":"2020-10-08T20:30:26","guid":{"rendered":"http:\/\/democratie-au-coeur-de-psl.fr\/?p=572"},"modified":"2020-10-10T14:11:45","modified_gmt":"2020-10-10T12:11:45","slug":"des-nouvelles-du-ca-par-vos-elu%e2%80%a2e%e2%80%a2s","status":"publish","type":"post","link":"https:\/\/democratie-au-coeur-de-psl.fr\/?p=572","title":{"rendered":"Des nouvelles du CA par vos \u00e9lu\u2022e\u2022s"},"content":{"rendered":"\n<p class=\"has-drop-cap\">Les \u00e9lu\u2022e\u2022s des listes \u00ab\u00a0D\u00e9mocratie et int\u00e9r\u00eat g\u00e9n\u00e9ral au c\u0153ur de PSL\u00a0\u00bb au conseil d&rsquo;administration de  PSL vous \u00e9crivent pour la <strong>seconde fois<\/strong>. <\/p>\n\n\n\n<ul><li><a href=\"http:\/\/democratie-au-coeur-de-psl.fr\/?p=532\">Le saviez-vous ?<\/a> Le <strong>jury IDEX<\/strong> s&rsquo;est r\u00e9uni le 24 septembre dernier et rendra son avis d\u00e9but novembre. <\/li><li>Lors de la r\u00e9union du conseil en juillet, l&rsquo;<strong>offre de formation de PSL<\/strong> a \u00e9t\u00e9 pr\u00e9sent\u00e9e et un <strong>d\u00e9bat<\/strong> sur la loi de programmation de la recherche (<a href=\"https:\/\/www.enseignementsup-recherche.gouv.fr\/cid154550\/www.enseignementsup-recherche.gouv.fr\/cid154550\/www.enseignementsup-recherche.gouv.fr\/cid154550\/discours-de-frederique-vidal-a-la-commission-culture-education-et-communication-du-senat-sur-la-lpr.html\">LPR<\/a>) a donn\u00e9 lieu \u00e0 un \u00e9change instructif. Vous pouvez lire le compte-rendu <a href=\"http:\/\/democratie-au-coeur-de-psl.fr\/?p=457\">ici<\/a>. <\/li><li>Si vous avez <strong>loup\u00e9 notre premier message<\/strong>, vous pouvez le lire <a href=\"http:\/\/democratie-au-coeur-de-psl.fr\/?p=357\">l\u00e0<\/a>. <\/li><\/ul>\n\n\n\n<p>Nous vous rappelons que nous rendons compte de notre action au sein du conseil principalement par le biais de la r\u00e9daction de <a href=\"http:\/\/democratie-au-coeur-de-psl.fr\/?page_id=12\">comptes-rendus<\/a> sur un <a href=\"http:\/\/democratie-au-coeur-de-psl.fr\/\">blog<\/a> mais aussi via un compte  <a href=\"https:\/\/twitter.com\/Syndic_CA_PSL\">Tweeter<\/a> ou bien encore en r\u00e9pondant \u00e0 ce message (<a href=\"mailto:cgt@psl.eu\">cgt@psl.eu<\/a>). <\/p>\n\n\n\n<p>En vous souhaitant une bonne journ\u00e9e,<\/p>\n\n\n\n<p class=\"has-text-align-right\"><em>Les \u00e9lu\u2022es des listes \u00ab&nbsp;D\u00e9mocratie et int\u00e9r\u00eat g\u00e9n\u00e9ral au c\u0153ur de PSL&nbsp;\u00bb <\/em><\/p>\n\n\n\n<p class=\"has-background has-light-gray-background-color\">Rappel : <em>De part l&rsquo;affiliation d&rsquo;une partie des \u00e9lu\u2022e\u2022s \u00e0 une organisation syndicale repr\u00e9sentative, nous avons un droit de communication \u00e0 l&rsquo;ensemble des personnels des \u00e9tablissements  qui composent l&rsquo;universit\u00e9 PSL. Nous utilisons ce droit de la mani\u00e8re la plus parcimonieuse possible. <\/em><\/p>\n","protected":false},"excerpt":{"rendered":"<p>Les \u00e9lu\u2022e\u2022s des listes \u00ab\u00a0D\u00e9mocratie et int\u00e9r\u00eat g\u00e9n\u00e9ral au c\u0153ur de PSL\u00a0\u00bb au conseil d&rsquo;administration de PSL vous \u00e9crivent pour la seconde fois. Le saviez-vous ? Le jury IDEX s&rsquo;est r\u00e9uni le 24 septembre dernier et rendra son avis d\u00e9but novembre. Lors de la r\u00e9union du conseil en juillet, l&rsquo;offre de formation de PSL a &hellip;<\/p>\n<p class=\"read-more\"> <a class=\"\" href=\"https:\/\/democratie-au-coeur-de-psl.fr\/?p=572\"> <span class=\"screen-reader-text\">Des nouvelles du CA par vos \u00e9lu\u2022e\u2022s<\/span> Lire la suite\u00a0\u00bb<\/a><\/p>\n","protected":false},"author":2,"featured_media":577,"comment_status":"open","ping_status":"open","sticky":false,"template":"","format":"standard","meta":{"_jetpack_memberships_contains_paid_content":false,"footnotes":""},"categories":[7],"tags":[],"yoast_head":"<!-- This site is optimized with the Yoast SEO plugin v22.9 - https:\/\/yoast.com\/wordpress\/plugins\/seo\/ -->\n<title>Des nouvelles du CA par vos \u00e9lu\u2022e\u2022s - D\u00e9mocratie et int\u00e9r\u00eat g\u00e9n\u00e9ral au c\u0153ur de PSL<\/title>\n<meta name=\"robots\" content=\"index, follow, max-snippet:-1, max-image-preview:large, max-video-preview:-1\" \/>\n<link rel=\"canonical\" href=\"https:\/\/democratie-au-coeur-de-psl.fr\/?p=572\" \/>\n<meta property=\"og:locale\" content=\"fr_FR\" \/>\n<meta property=\"og:type\" content=\"article\" \/>\n<meta property=\"og:title\" content=\"Des nouvelles du CA par vos \u00e9lu\u2022e\u2022s - D\u00e9mocratie et int\u00e9r\u00eat g\u00e9n\u00e9ral au c\u0153ur de PSL\" \/>\n<meta property=\"og:description\" content=\"Les \u00e9lu\u2022e\u2022s des listes \u00ab\u00a0D\u00e9mocratie et int\u00e9r\u00eat g\u00e9n\u00e9ral au c\u0153ur de PSL\u00a0\u00bb au conseil d&rsquo;administration de PSL vous \u00e9crivent pour la seconde fois. Le saviez-vous ? Le jury IDEX s&rsquo;est r\u00e9uni le 24 septembre dernier et rendra son avis d\u00e9but novembre. Lors de la r\u00e9union du conseil en juillet, l&rsquo;offre de formation de PSL a &hellip; Des nouvelles du CA par vos \u00e9lu\u2022e\u2022s Lire la suite\u00a0\u00bb\" \/>\n<meta property=\"og:url\" content=\"https:\/\/democratie-au-coeur-de-psl.fr\/?p=572\" \/>\n<meta property=\"og:site_name\" content=\"D\u00e9mocratie et int\u00e9r\u00eat g\u00e9n\u00e9ral au c\u0153ur de PSL\" \/>\n<meta property=\"article:published_time\" content=\"2020-10-08T20:30:26+00:00\" \/>\n<meta property=\"article:modified_time\" content=\"2020-10-10T12:11:45+00:00\" \/>\n<meta property=\"og:image\" content=\"https:\/\/democratie-au-coeur-de-psl.fr\/wp-content\/uploads\/2020\/10\/Capture-d\u2019\u00e9cran-du-2020-10-08-22-25-45.png\" \/>\n\t<meta property=\"og:image:width\" content=\"623\" \/>\n\t<meta property=\"og:image:height\" content=\"440\" \/>\n\t<meta property=\"og:image:type\" content=\"image\/png\" \/>\n<meta name=\"author\" content=\"Vos \u00e9lu.es\" \/>\n<meta name=\"twitter:card\" content=\"summary_large_image\" \/>\n<meta name=\"twitter:creator\" content=\"@Syndic_CA_PSL\" \/>\n<meta name=\"twitter:site\" content=\"@Syndic_CA_PSL\" \/>\n<meta name=\"twitter:label1\" content=\"\u00c9crit par\" \/>\n\t<meta name=\"twitter:data1\" content=\"Vos \u00e9lu.es\" \/>\n\t<meta name=\"twitter:label2\" content=\"Dur\u00e9e de lecture estim\u00e9e\" \/>\n\t<meta name=\"twitter:data2\" content=\"1 minute\" \/>\n<script type=\"application\/ld+json\" class=\"yoast-schema-graph\">{\"@context\":\"https:\/\/schema.org\",\"@graph\":[{\"@type\":\"Article\",\"@id\":\"https:\/\/democratie-au-coeur-de-psl.fr\/?p=572#article\",\"isPartOf\":{\"@id\":\"https:\/\/democratie-au-coeur-de-psl.fr\/?p=572\"},\"author\":{\"name\":\"Vos \u00e9lu.es\",\"@id\":\"https:\/\/democratie-au-coeur-de-psl.fr\/#\/schema\/person\/94958bdb1b80009262db6fc1e2df1838\"},\"headline\":\"Des nouvelles du CA par vos \u00e9lu\u2022e\u2022s\",\"datePublished\":\"2020-10-08T20:30:26+00:00\",\"dateModified\":\"2020-10-10T12:11:45+00:00\",\"mainEntityOfPage\":{\"@id\":\"https:\/\/democratie-au-coeur-de-psl.fr\/?p=572\"},\"wordCount\":228,\"commentCount\":0,\"publisher\":{\"@id\":\"https:\/\/democratie-au-coeur-de-psl.fr\/#organization\"},\"image\":{\"@id\":\"https:\/\/democratie-au-coeur-de-psl.fr\/?p=572#primaryimage\"},\"thumbnailUrl\":\"https:\/\/democratie-au-coeur-de-psl.fr\/wp-content\/uploads\/2020\/10\/Capture-d\u2019\u00e9cran-du-2020-10-08-22-25-45.png\",\"articleSection\":[\"Message\"],\"inLanguage\":\"fr-FR\",\"potentialAction\":[{\"@type\":\"CommentAction\",\"name\":\"Comment\",\"target\":[\"https:\/\/democratie-au-coeur-de-psl.fr\/?p=572#respond\"]}]},{\"@type\":\"WebPage\",\"@id\":\"https:\/\/democratie-au-coeur-de-psl.fr\/?p=572\",\"url\":\"https:\/\/democratie-au-coeur-de-psl.fr\/?p=572\",\"name\":\"Des nouvelles du CA par vos \u00e9lu\u2022e\u2022s - D\u00e9mocratie et int\u00e9r\u00eat g\u00e9n\u00e9ral au c\u0153ur de PSL\",\"isPartOf\":{\"@id\":\"https:\/\/democratie-au-coeur-de-psl.fr\/#website\"},\"primaryImageOfPage\":{\"@id\":\"https:\/\/democratie-au-coeur-de-psl.fr\/?p=572#primaryimage\"},\"image\":{\"@id\":\"https:\/\/democratie-au-coeur-de-psl.fr\/?p=572#primaryimage\"},\"thumbnailUrl\":\"https:\/\/democratie-au-coeur-de-psl.fr\/wp-content\/uploads\/2020\/10\/Capture-d\u2019\u00e9cran-du-2020-10-08-22-25-45.png\",\"datePublished\":\"2020-10-08T20:30:26+00:00\",\"dateModified\":\"2020-10-10T12:11:45+00:00\",\"breadcrumb\":{\"@id\":\"https:\/\/democratie-au-coeur-de-psl.fr\/?p=572#breadcrumb\"},\"inLanguage\":\"fr-FR\",\"potentialAction\":[{\"@type\":\"ReadAction\",\"target\":[\"https:\/\/democratie-au-coeur-de-psl.fr\/?p=572\"]}]},{\"@type\":\"ImageObject\",\"inLanguage\":\"fr-FR\",\"@id\":\"https:\/\/democratie-au-coeur-de-psl.fr\/?p=572#primaryimage\",\"url\":\"https:\/\/democratie-au-coeur-de-psl.fr\/wp-content\/uploads\/2020\/10\/Capture-d\u2019\u00e9cran-du-2020-10-08-22-25-45.png\",\"contentUrl\":\"https:\/\/democratie-au-coeur-de-psl.fr\/wp-content\/uploads\/2020\/10\/Capture-d\u2019\u00e9cran-du-2020-10-08-22-25-45.png\",\"width\":623,\"height\":440},{\"@type\":\"BreadcrumbList\",\"@id\":\"https:\/\/democratie-au-coeur-de-psl.fr\/?p=572#breadcrumb\",\"itemListElement\":[{\"@type\":\"ListItem\",\"position\":1,\"name\":\"Accueil\",\"item\":\"https:\/\/democratie-au-coeur-de-psl.fr\/\"},{\"@type\":\"ListItem\",\"position\":2,\"name\":\"Des nouvelles du CA par vos \u00e9lu\u2022e\u2022s\"}]},{\"@type\":\"WebSite\",\"@id\":\"https:\/\/democratie-au-coeur-de-psl.fr\/#website\",\"url\":\"https:\/\/democratie-au-coeur-de-psl.fr\/\",\"name\":\"D\u00e9mocratie et int\u00e9r\u00eat g\u00e9n\u00e9ral au c\u0153ur de PSL\",\"description\":\"Listes soutenues par la CGT au CA de PSL\",\"publisher\":{\"@id\":\"https:\/\/democratie-au-coeur-de-psl.fr\/#organization\"},\"potentialAction\":[{\"@type\":\"SearchAction\",\"target\":{\"@type\":\"EntryPoint\",\"urlTemplate\":\"https:\/\/democratie-au-coeur-de-psl.fr\/?s={search_term_string}\"},\"query-input\":\"required name=search_term_string\"}],\"inLanguage\":\"fr-FR\"},{\"@type\":\"Organization\",\"@id\":\"https:\/\/democratie-au-coeur-de-psl.fr\/#organization\",\"name\":\"D\u00e9mocratie et int\u00e9r\u00eat g\u00e9n\u00e9ral au c\u0153ur de PSL\",\"url\":\"https:\/\/democratie-au-coeur-de-psl.fr\/\",\"logo\":{\"@type\":\"ImageObject\",\"inLanguage\":\"fr-FR\",\"@id\":\"https:\/\/democratie-au-coeur-de-psl.fr\/#\/schema\/logo\/image\/\",\"url\":\"https:\/\/democratie-au-coeur-de-psl.fr\/wp-content\/uploads\/2020\/07\/cropped-tableau-1.jpg\",\"contentUrl\":\"https:\/\/democratie-au-coeur-de-psl.fr\/wp-content\/uploads\/2020\/07\/cropped-tableau-1.jpg\",\"width\":1920,\"height\":640,\"caption\":\"D\u00e9mocratie et int\u00e9r\u00eat g\u00e9n\u00e9ral au c\u0153ur de PSL\"},\"image\":{\"@id\":\"https:\/\/democratie-au-coeur-de-psl.fr\/#\/schema\/logo\/image\/\"},\"sameAs\":[\"https:\/\/x.com\/Syndic_CA_PSL\"]},{\"@type\":\"Person\",\"@id\":\"https:\/\/democratie-au-coeur-de-psl.fr\/#\/schema\/person\/94958bdb1b80009262db6fc1e2df1838\",\"name\":\"Vos \u00e9lu.es\",\"image\":{\"@type\":\"ImageObject\",\"inLanguage\":\"fr-FR\",\"@id\":\"https:\/\/democratie-au-coeur-de-psl.fr\/#\/schema\/person\/image\/\",\"url\":\"https:\/\/secure.gravatar.com\/avatar\/4b1529e76fe9f2bba4337d161a6e4f8a?s=96&d=mm&r=g\",\"contentUrl\":\"https:\/\/secure.gravatar.com\/avatar\/4b1529e76fe9f2bba4337d161a6e4f8a?s=96&d=mm&r=g\",\"caption\":\"Vos \u00e9lu.es\"},\"url\":\"https:\/\/democratie-au-coeur-de-psl.fr\/?author=2\"}]}<\/script>\n<!-- \/ Yoast SEO plugin. -->","yoast_head_json":{"title":"Des nouvelles du CA par vos \u00e9lu\u2022e\u2022s - D\u00e9mocratie et int\u00e9r\u00eat g\u00e9n\u00e9ral au c\u0153ur de PSL","robots":{"index":"index","follow":"follow","max-snippet":"max-snippet:-1","max-image-preview":"max-image-preview:large","max-video-preview":"max-video-preview:-1"},"canonical":"https:\/\/democratie-au-coeur-de-psl.fr\/?p=572","og_locale":"fr_FR","og_type":"article","og_title":"Des nouvelles du CA par vos \u00e9lu\u2022e\u2022s - D\u00e9mocratie et int\u00e9r\u00eat g\u00e9n\u00e9ral au c\u0153ur de PSL","og_description":"Les \u00e9lu\u2022e\u2022s des listes \u00ab\u00a0D\u00e9mocratie et int\u00e9r\u00eat g\u00e9n\u00e9ral au c\u0153ur de PSL\u00a0\u00bb au conseil d&rsquo;administration de PSL vous \u00e9crivent pour la seconde fois. Le saviez-vous ? Le jury IDEX s&rsquo;est r\u00e9uni le 24 septembre dernier et rendra son avis d\u00e9but novembre. Lors de la r\u00e9union du conseil en juillet, l&rsquo;offre de formation de PSL a &hellip; Des nouvelles du CA par vos \u00e9lu\u2022e\u2022s Lire la suite\u00a0\u00bb","og_url":"https:\/\/democratie-au-coeur-de-psl.fr\/?p=572","og_site_name":"D\u00e9mocratie et int\u00e9r\u00eat g\u00e9n\u00e9ral au c\u0153ur de PSL","article_published_time":"2020-10-08T20:30:26+00:00","article_modified_time":"2020-10-10T12:11:45+00:00","og_image":[{"width":623,"height":440,"url":"https:\/\/democratie-au-coeur-de-psl.fr\/wp-content\/uploads\/2020\/10\/Capture-d\u2019\u00e9cran-du-2020-10-08-22-25-45.png","type":"image\/png"}],"author":"Vos \u00e9lu.es","twitter_card":"summary_large_image","twitter_creator":"@Syndic_CA_PSL","twitter_site":"@Syndic_CA_PSL","twitter_misc":{"\u00c9crit par":"Vos \u00e9lu.es","Dur\u00e9e de lecture estim\u00e9e":"1 minute"},"schema":{"@context":"https:\/\/schema.org","@graph":[{"@type":"Article","@id":"https:\/\/democratie-au-coeur-de-psl.fr\/?p=572#article","isPartOf":{"@id":"https:\/\/democratie-au-coeur-de-psl.fr\/?p=572"},"author":{"name":"Vos \u00e9lu.es","@id":"https:\/\/democratie-au-coeur-de-psl.fr\/#\/schema\/person\/94958bdb1b80009262db6fc1e2df1838"},"headline":"Des nouvelles du CA par vos \u00e9lu\u2022e\u2022s","datePublished":"2020-10-08T20:30:26+00:00","dateModified":"2020-10-10T12:11:45+00:00","mainEntityOfPage":{"@id":"https:\/\/democratie-au-coeur-de-psl.fr\/?p=572"},"wordCount":228,"commentCount":0,"publisher":{"@id":"https:\/\/democratie-au-coeur-de-psl.fr\/#organization"},"image":{"@id":"https:\/\/democratie-au-coeur-de-psl.fr\/?p=572#primaryimage"},"thumbnailUrl":"https:\/\/democratie-au-coeur-de-psl.fr\/wp-content\/uploads\/2020\/10\/Capture-d\u2019\u00e9cran-du-2020-10-08-22-25-45.png","articleSection":["Message"],"inLanguage":"fr-FR","potentialAction":[{"@type":"CommentAction","name":"Comment","target":["https:\/\/democratie-au-coeur-de-psl.fr\/?p=572#respond"]}]},{"@type":"WebPage","@id":"https:\/\/democratie-au-coeur-de-psl.fr\/?p=572","url":"https:\/\/democratie-au-coeur-de-psl.fr\/?p=572","name":"Des nouvelles du CA par vos \u00e9lu\u2022e\u2022s - D\u00e9mocratie et int\u00e9r\u00eat g\u00e9n\u00e9ral au c\u0153ur de PSL","isPartOf":{"@id":"https:\/\/democratie-au-coeur-de-psl.fr\/#website"},"primaryImageOfPage":{"@id":"https:\/\/democratie-au-coeur-de-psl.fr\/?p=572#primaryimage"},"image":{"@id":"https:\/\/democratie-au-coeur-de-psl.fr\/?p=572#primaryimage"},"thumbnailUrl":"https:\/\/democratie-au-coeur-de-psl.fr\/wp-content\/uploads\/2020\/10\/Capture-d\u2019\u00e9cran-du-2020-10-08-22-25-45.png","datePublished":"2020-10-08T20:30:26+00:00","dateModified":"2020-10-10T12:11:45+00:00","breadcrumb":{"@id":"https:\/\/democratie-au-coeur-de-psl.fr\/?p=572#breadcrumb"},"inLanguage":"fr-FR","potentialAction":[{"@type":"ReadAction","target":["https:\/\/democratie-au-coeur-de-psl.fr\/?p=572"]}]},{"@type":"ImageObject","inLanguage":"fr-FR","@id":"https:\/\/democratie-au-coeur-de-psl.fr\/?p=572#primaryimage","url":"https:\/\/democratie-au-coeur-de-psl.fr\/wp-content\/uploads\/2020\/10\/Capture-d\u2019\u00e9cran-du-2020-10-08-22-25-45.png","contentUrl":"https:\/\/democratie-au-coeur-de-psl.fr\/wp-content\/uploads\/2020\/10\/Capture-d\u2019\u00e9cran-du-2020-10-08-22-25-45.png","width":623,"height":440},{"@type":"BreadcrumbList","@id":"https:\/\/democratie-au-coeur-de-psl.fr\/?p=572#breadcrumb","itemListElement":[{"@type":"ListItem","position":1,"name":"Accueil","item":"https:\/\/democratie-au-coeur-de-psl.fr\/"},{"@type":"ListItem","position":2,"name":"Des nouvelles du CA par vos \u00e9lu\u2022e\u2022s"}]},{"@type":"WebSite","@id":"https:\/\/democratie-au-coeur-de-psl.fr\/#website","url":"https:\/\/democratie-au-coeur-de-psl.fr\/","name":"D\u00e9mocratie et int\u00e9r\u00eat g\u00e9n\u00e9ral au c\u0153ur de PSL","description":"Listes soutenues par la CGT au CA de PSL","publisher":{"@id":"https:\/\/democratie-au-coeur-de-psl.fr\/#organization"},"potentialAction":[{"@type":"SearchAction","target":{"@type":"EntryPoint","urlTemplate":"https:\/\/democratie-au-coeur-de-psl.fr\/?s={search_term_string}"},"query-input":"required name=search_term_string"}],"inLanguage":"fr-FR"},{"@type":"Organization","@id":"https:\/\/democratie-au-coeur-de-psl.fr\/#organization","name":"D\u00e9mocratie et int\u00e9r\u00eat g\u00e9n\u00e9ral au c\u0153ur de PSL","url":"https:\/\/democratie-au-coeur-de-psl.fr\/","logo":{"@type":"ImageObject","inLanguage":"fr-FR","@id":"https:\/\/democratie-au-coeur-de-psl.fr\/#\/schema\/logo\/image\/","url":"https:\/\/democratie-au-coeur-de-psl.fr\/wp-content\/uploads\/2020\/07\/cropped-tableau-1.jpg","contentUrl":"https:\/\/democratie-au-coeur-de-psl.fr\/wp-content\/uploads\/2020\/07\/cropped-tableau-1.jpg","width":1920,"height":640,"caption":"D\u00e9mocratie et int\u00e9r\u00eat g\u00e9n\u00e9ral au c\u0153ur de PSL"},"image":{"@id":"https:\/\/democratie-au-coeur-de-psl.fr\/#\/schema\/logo\/image\/"},"sameAs":["https:\/\/x.com\/Syndic_CA_PSL"]},{"@type":"Person","@id":"https:\/\/democratie-au-coeur-de-psl.fr\/#\/schema\/person\/94958bdb1b80009262db6fc1e2df1838","name":"Vos \u00e9lu.es","image":{"@type":"ImageObject","inLanguage":"fr-FR","@id":"https:\/\/democratie-au-coeur-de-psl.fr\/#\/schema\/person\/image\/","url":"https:\/\/secure.gravatar.com\/avatar\/4b1529e76fe9f2bba4337d161a6e4f8a?s=96&d=mm&r=g","contentUrl":"https:\/\/secure.gravatar.com\/avatar\/4b1529e76fe9f2bba4337d161a6e4f8a?s=96&d=mm&r=g","caption":"Vos \u00e9lu.es"},"url":"https:\/\/democratie-au-coeur-de-psl.fr\/?author=2"}]}},"jetpack_sharing_enabled":true,"jetpack_featured_media_url":"https:\/\/democratie-au-coeur-de-psl.fr\/wp-content\/uploads\/2020\/10\/Capture-d\u2019\u00e9cran-du-2020-10-08-22-25-45.png","_links":{"self":[{"href":"https:\/\/democratie-au-coeur-de-psl.fr\/index.php?rest_route=\/wp\/v2\/posts\/572"}],"collection":[{"href":"https:\/\/democratie-au-coeur-de-psl.fr\/index.php?rest_route=\/wp\/v2\/posts"}],"about":[{"href":"https:\/\/democratie-au-coeur-de-psl.fr\/index.php?rest_route=\/wp\/v2\/types\/post"}],"author":[{"embeddable":true,"href":"https:\/\/democratie-au-coeur-de-psl.fr\/index.php?rest_route=\/wp\/v2\/users\/2"}],"replies":[{"embeddable":true,"href":"https:\/\/democratie-au-coeur-de-psl.fr\/index.php?rest_route=%2Fwp%2Fv2%2Fcomments&post=572"}],"version-history":[{"count":19,"href":"https:\/\/democratie-au-coeur-de-psl.fr\/index.php?rest_route=\/wp\/v2\/posts\/572\/revisions"}],"predecessor-version":[{"id":614,"href":"https:\/\/democratie-au-coeur-de-psl.fr\/index.php?rest_route=\/wp\/v2\/posts\/572\/revisions\/614"}],"wp:featuredmedia":[{"embeddable":true,"href":"https:\/\/democratie-au-coeur-de-psl.fr\/index.php?rest_route=\/wp\/v2\/media\/577"}],"wp:attachment":[{"href":"https:\/\/democratie-au-coeur-de-psl.fr\/index.php?rest_route=%2Fwp%2Fv2%2Fmedia&parent=572"}],"wp:term":[{"taxonomy":"category","embeddable":true,"href":"https:\/\/democratie-au-coeur-de-psl.fr\/index.php?rest_route=%2Fwp%2Fv2%2Fcategories&post=572"},{"taxonomy":"post_tag","embeddable":true,"href":"https:\/\/democratie-au-coeur-de-psl.fr\/index.php?rest_route=%2Fwp%2Fv2%2Ftags&post=572"}],"curies":[{"name":"wp","href":"https:\/\/api.w.org\/{rel}","templated":true}]}}