{"id":532,"date":"2020-10-08T12:04:46","date_gmt":"2020-10-08T10:04:46","guid":{"rendered":"http:\/\/democratie-au-coeur-de-psl.fr\/?p=532"},"modified":"2020-10-10T14:10:31","modified_gmt":"2020-10-10T12:10:31","slug":"le-jury-idex-a-eu-lieu","status":"publish","type":"post","link":"https:\/\/democratie-au-coeur-de-psl.fr\/?p=532","title":{"rendered":"Le jury IDEX a eu lieu"},"content":{"rendered":"\n<p>Le 24 septembre dernier, le <strong>jury international devant statuer sur l&rsquo;avenir de l&rsquo;Universit\u00e9 PSL<\/strong> s&rsquo;est r\u00e9uni. Nous avons appris \u00ab &nbsp; par la bande \u00bb que le r\u00e9sultat serait connu d\u00e9but novembre. <\/p>\n\n\n\n<figure class=\"wp-block-gallery columns-2 is-cropped wp-block-gallery-1 is-layout-flex wp-block-gallery-is-layout-flex\"><ul class=\"blocks-gallery-grid\"><li class=\"blocks-gallery-item\"><figure><img loading=\"lazy\" decoding=\"async\" width=\"500\" height=\"355\" src=\"http:\/\/democratie-au-coeur-de-psl.fr\/wp-content\/uploads\/2020\/10\/Fumo_negro.jpg\" alt=\"\" data-id=\"546\" data-full-url=\"http:\/\/democratie-au-coeur-de-psl.fr\/wp-content\/uploads\/2020\/10\/Fumo_negro.jpg\" data-link=\"http:\/\/democratie-au-coeur-de-psl.fr\/?attachment_id=546\" class=\"wp-image-546\" srcset=\"https:\/\/democratie-au-coeur-de-psl.fr\/wp-content\/uploads\/2020\/10\/Fumo_negro.jpg 500w, https:\/\/democratie-au-coeur-de-psl.fr\/wp-content\/uploads\/2020\/10\/Fumo_negro-300x213.jpg 300w\" sizes=\"(max-width: 500px) 100vw, 500px\" \/><\/figure><\/li><li class=\"blocks-gallery-item\"><figure><img loading=\"lazy\" decoding=\"async\" width=\"450\" height=\"298\" src=\"http:\/\/democratie-au-coeur-de-psl.fr\/wp-content\/uploads\/2020\/10\/Fumo_branco.jpg\" alt=\"\" data-id=\"547\" data-full-url=\"http:\/\/democratie-au-coeur-de-psl.fr\/wp-content\/uploads\/2020\/10\/Fumo_branco.jpg\" data-link=\"http:\/\/democratie-au-coeur-de-psl.fr\/?attachment_id=547\" class=\"wp-image-547\" srcset=\"https:\/\/democratie-au-coeur-de-psl.fr\/wp-content\/uploads\/2020\/10\/Fumo_branco.jpg 450w, https:\/\/democratie-au-coeur-de-psl.fr\/wp-content\/uploads\/2020\/10\/Fumo_branco-300x199.jpg 300w\" sizes=\"(max-width: 450px) 100vw, 450px\" \/><\/figure><\/li><\/ul><figcaption class=\"blocks-gallery-caption\">Fum\u00e9e noire et fum\u00e9e blanche, sortant de la chapelle Sixtine.<\/figcaption><\/figure>\n\n\n\n<p>Rappelons qu&rsquo;en 2016, le jury charg\u00e9 de l&rsquo;\u00e9valuation et du suivi des investissements d&rsquo;avenir avait rendu <a href=\"https:\/\/www.psl.eu\/sites\/default\/files\/PDF\/29042016_rapport_jury_idex.pdf\">une d\u00e9cision critique<\/a> sur PSL. Il lui reconnaissait \u00ab une grande qualit\u00e9 de recherche et de formation \u00bb, mais \u00ab des insuffisances  dans les synergies visant \u00e0 cr\u00e9er une universit\u00e9 int\u00e9gr\u00e9e, et dans la  mise en commun des ressources humaines \u00bb. Par cons\u00e9quent, il donnait un d\u00e9lai suppl\u00e9mentaire de 18 mois \u00e0 PSL pour pallier ces faiblesses. <\/p>\n\n\n\n<p>En 2018, Alain Fuchs <a href=\"https:\/\/www.psl.eu\/actualites\/lidex-psl-touche-au\">se f\u00e9licitait<\/a> que \u00ab l&rsquo;IDEX PSL touche au but \u00bb, le Premier ministre ayant d\u00e9cid\u00e9 de confirmer l\u2019attribution du label IDEX.<\/p>\n\n\n\n<p>Nous tenons aussi ici \u00e0 souligner qu&rsquo;en d\u00e9pit du ton confiant de la d\u00e9claration de la pr\u00e9sidence en 2018,<strong> l&rsquo;inqui\u00e9tude de l&rsquo;\u00e9quipe dirigeante<\/strong>  de ne pas voir obtenir un avis favorable <strong> \u00e9tait grande durant l&rsquo;ann\u00e9e \u00e9coul\u00e9e<\/strong>. Cette inqui\u00e9tude, qu&rsquo;elle soit feinte ou non, a par exemple servie \u00e0 justifier la pression mises sur les \u00e9lu\u00b7e\u00b7s lors du <a href=\"http:\/\/democratie-au-coeur-de-psl.fr\/?p=158\">vote en faveur d&rsquo;Alain Fuchs<\/a>, car une adh\u00e9sion trop faible du coll\u00e8ge des \u00e9lu\u00b7e\u00b7s \u00ab aurait pu mettre en p\u00e9ril le projet \u00bb.<\/p>\n\n\n\n<div class=\"wp-block-image\"><figure class=\"aligncenter size-large is-resized\"><img loading=\"lazy\" decoding=\"async\" src=\"http:\/\/democratie-au-coeur-de-psl.fr\/wp-content\/uploads\/2020\/04\/Trombi_A.Fuchs_ccMarieSorribas_0-e1593766550750.jpg\" alt=\"\" class=\"wp-image-343\" width=\"341\" height=\"342\" srcset=\"https:\/\/democratie-au-coeur-de-psl.fr\/wp-content\/uploads\/2020\/04\/Trombi_A.Fuchs_ccMarieSorribas_0-e1593766550750.jpg 452w, https:\/\/democratie-au-coeur-de-psl.fr\/wp-content\/uploads\/2020\/04\/Trombi_A.Fuchs_ccMarieSorribas_0-e1593766550750-300x300.jpg 300w, https:\/\/democratie-au-coeur-de-psl.fr\/wp-content\/uploads\/2020\/04\/Trombi_A.Fuchs_ccMarieSorribas_0-e1593766550750-150x150.jpg 150w\" sizes=\"(max-width: 341px) 100vw, 341px\" \/><figcaption>Cr\u00e9dit : site  de l&rsquo;universit\u00e9 PSL<\/figcaption><\/figure><\/div>\n\n\n\n<p><strong>Nous trouvons aberrant que le jury,  avant de statuer sur le futur de PSL, n&rsquo;ait pas pris contact avec les \u00e9lu\u00b7e\u00b7s du conseil d&rsquo;administration.<\/strong> Une fois de plus, les repr\u00e9sentant\u00b7e\u00b7s \u00e9lu\u00b7e\u00b7s de la communaut\u00e9 scientifique des \u00e9tablissements sont m\u00e9pris\u00e9\u00b7e\u00b7s, et  une fois de plus  le caract\u00e8re technocratique et antid\u00e9mocratique de PSL appara\u00eet clairement. Nous sommes scandalis\u00e9\u00b7e\u00b7s par cet attitude. Nous esp\u00e9rons  avoir plus de pr\u00e9cisions \u00e0 l&rsquo;occasion du conseil d&rsquo;administration qui se tiendra <a href=\"http:\/\/democratie-au-coeur-de-psl.fr\/?page_id=9\">le 15 octobre<\/a> prochain pour pouvoir, <em>a minima<\/em>, informer les coll\u00e8gues d\u00e9poss\u00e9d\u00e9s par cette superstructure PSL.  <\/p>\n\n\n\n<p><\/p>\n","protected":false},"excerpt":{"rendered":"<p>Le 24 septembre dernier, le jury international devant statuer sur l&rsquo;avenir de l&rsquo;Universit\u00e9 PSL s&rsquo;est r\u00e9uni. Nous avons appris \u00ab &nbsp; par la bande \u00bb que le r\u00e9sultat serait connu d\u00e9but novembre. Rappelons qu&rsquo;en 2016, le jury charg\u00e9 de l&rsquo;\u00e9valuation et du suivi des investissements d&rsquo;avenir avait rendu une d\u00e9cision critique sur PSL. Il lui &hellip;<\/p>\n<p class=\"read-more\"> <a class=\"\" href=\"https:\/\/democratie-au-coeur-de-psl.fr\/?p=532\"> <span class=\"screen-reader-text\">Le jury IDEX a eu lieu<\/span> Lire la suite\u00a0\u00bb<\/a><\/p>\n","protected":false},"author":2,"featured_media":533,"comment_status":"open","ping_status":"open","sticky":false,"template":"","format":"standard","meta":{"_jetpack_memberships_contains_paid_content":false,"footnotes":""},"categories":[1],"tags":[],"yoast_head":"<!-- This site is optimized with the Yoast SEO plugin v22.9 - https:\/\/yoast.com\/wordpress\/plugins\/seo\/ -->\n<title>Le jury IDEX a eu lieu - D\u00e9mocratie et int\u00e9r\u00eat g\u00e9n\u00e9ral au c\u0153ur de PSL<\/title>\n<meta name=\"robots\" content=\"index, follow, max-snippet:-1, max-image-preview:large, max-video-preview:-1\" \/>\n<link rel=\"canonical\" href=\"https:\/\/democratie-au-coeur-de-psl.fr\/?p=532\" \/>\n<meta property=\"og:locale\" content=\"fr_FR\" \/>\n<meta property=\"og:type\" content=\"article\" \/>\n<meta property=\"og:title\" content=\"Le jury IDEX a eu lieu - D\u00e9mocratie et int\u00e9r\u00eat g\u00e9n\u00e9ral au c\u0153ur de PSL\" \/>\n<meta property=\"og:description\" content=\"Le 24 septembre dernier, le jury international devant statuer sur l&rsquo;avenir de l&rsquo;Universit\u00e9 PSL s&rsquo;est r\u00e9uni. Nous avons appris \u00ab &nbsp; par la bande \u00bb que le r\u00e9sultat serait connu d\u00e9but novembre. Rappelons qu&rsquo;en 2016, le jury charg\u00e9 de l&rsquo;\u00e9valuation et du suivi des investissements d&rsquo;avenir avait rendu une d\u00e9cision critique sur PSL. Il lui &hellip; Le jury IDEX a eu lieu Lire la suite\u00a0\u00bb\" \/>\n<meta property=\"og:url\" content=\"https:\/\/democratie-au-coeur-de-psl.fr\/?p=532\" \/>\n<meta property=\"og:site_name\" content=\"D\u00e9mocratie et int\u00e9r\u00eat g\u00e9n\u00e9ral au c\u0153ur de PSL\" \/>\n<meta property=\"article:published_time\" content=\"2020-10-08T10:04:46+00:00\" \/>\n<meta property=\"article:modified_time\" content=\"2020-10-10T12:10:31+00:00\" \/>\n<meta property=\"og:image\" content=\"https:\/\/democratie-au-coeur-de-psl.fr\/wp-content\/uploads\/2020\/10\/psl-composantes.png\" \/>\n\t<meta property=\"og:image:width\" content=\"2574\" \/>\n\t<meta property=\"og:image:height\" content=\"612\" \/>\n\t<meta property=\"og:image:type\" content=\"image\/png\" \/>\n<meta name=\"author\" content=\"Vos \u00e9lu.es\" \/>\n<meta name=\"twitter:card\" content=\"summary_large_image\" \/>\n<meta name=\"twitter:creator\" content=\"@Syndic_CA_PSL\" \/>\n<meta name=\"twitter:site\" content=\"@Syndic_CA_PSL\" \/>\n<meta name=\"twitter:label1\" content=\"\u00c9crit par\" \/>\n\t<meta name=\"twitter:data1\" content=\"Vos \u00e9lu.es\" \/>\n\t<meta name=\"twitter:label2\" content=\"Dur\u00e9e de lecture estim\u00e9e\" \/>\n\t<meta name=\"twitter:data2\" content=\"2 minutes\" \/>\n<script type=\"application\/ld+json\" class=\"yoast-schema-graph\">{\"@context\":\"https:\/\/schema.org\",\"@graph\":[{\"@type\":\"Article\",\"@id\":\"https:\/\/democratie-au-coeur-de-psl.fr\/?p=532#article\",\"isPartOf\":{\"@id\":\"https:\/\/democratie-au-coeur-de-psl.fr\/?p=532\"},\"author\":{\"name\":\"Vos \u00e9lu.es\",\"@id\":\"https:\/\/democratie-au-coeur-de-psl.fr\/#\/schema\/person\/94958bdb1b80009262db6fc1e2df1838\"},\"headline\":\"Le jury IDEX a eu lieu\",\"datePublished\":\"2020-10-08T10:04:46+00:00\",\"dateModified\":\"2020-10-10T12:10:31+00:00\",\"mainEntityOfPage\":{\"@id\":\"https:\/\/democratie-au-coeur-de-psl.fr\/?p=532\"},\"wordCount\":352,\"commentCount\":1,\"publisher\":{\"@id\":\"https:\/\/democratie-au-coeur-de-psl.fr\/#organization\"},\"image\":{\"@id\":\"https:\/\/democratie-au-coeur-de-psl.fr\/?p=532#primaryimage\"},\"thumbnailUrl\":\"https:\/\/democratie-au-coeur-de-psl.fr\/wp-content\/uploads\/2020\/10\/psl-composantes.png\",\"inLanguage\":\"fr-FR\",\"potentialAction\":[{\"@type\":\"CommentAction\",\"name\":\"Comment\",\"target\":[\"https:\/\/democratie-au-coeur-de-psl.fr\/?p=532#respond\"]}]},{\"@type\":\"WebPage\",\"@id\":\"https:\/\/democratie-au-coeur-de-psl.fr\/?p=532\",\"url\":\"https:\/\/democratie-au-coeur-de-psl.fr\/?p=532\",\"name\":\"Le jury IDEX a eu lieu - D\u00e9mocratie et int\u00e9r\u00eat g\u00e9n\u00e9ral au c\u0153ur de PSL\",\"isPartOf\":{\"@id\":\"https:\/\/democratie-au-coeur-de-psl.fr\/#website\"},\"primaryImageOfPage\":{\"@id\":\"https:\/\/democratie-au-coeur-de-psl.fr\/?p=532#primaryimage\"},\"image\":{\"@id\":\"https:\/\/democratie-au-coeur-de-psl.fr\/?p=532#primaryimage\"},\"thumbnailUrl\":\"https:\/\/democratie-au-coeur-de-psl.fr\/wp-content\/uploads\/2020\/10\/psl-composantes.png\",\"datePublished\":\"2020-10-08T10:04:46+00:00\",\"dateModified\":\"2020-10-10T12:10:31+00:00\",\"breadcrumb\":{\"@id\":\"https:\/\/democratie-au-coeur-de-psl.fr\/?p=532#breadcrumb\"},\"inLanguage\":\"fr-FR\",\"potentialAction\":[{\"@type\":\"ReadAction\",\"target\":[\"https:\/\/democratie-au-coeur-de-psl.fr\/?p=532\"]}]},{\"@type\":\"ImageObject\",\"inLanguage\":\"fr-FR\",\"@id\":\"https:\/\/democratie-au-coeur-de-psl.fr\/?p=532#primaryimage\",\"url\":\"https:\/\/democratie-au-coeur-de-psl.fr\/wp-content\/uploads\/2020\/10\/psl-composantes.png\",\"contentUrl\":\"https:\/\/democratie-au-coeur-de-psl.fr\/wp-content\/uploads\/2020\/10\/psl-composantes.png\",\"width\":2574,\"height\":612},{\"@type\":\"BreadcrumbList\",\"@id\":\"https:\/\/democratie-au-coeur-de-psl.fr\/?p=532#breadcrumb\",\"itemListElement\":[{\"@type\":\"ListItem\",\"position\":1,\"name\":\"Accueil\",\"item\":\"https:\/\/democratie-au-coeur-de-psl.fr\/\"},{\"@type\":\"ListItem\",\"position\":2,\"name\":\"Le jury IDEX a eu lieu\"}]},{\"@type\":\"WebSite\",\"@id\":\"https:\/\/democratie-au-coeur-de-psl.fr\/#website\",\"url\":\"https:\/\/democratie-au-coeur-de-psl.fr\/\",\"name\":\"D\u00e9mocratie et int\u00e9r\u00eat g\u00e9n\u00e9ral au c\u0153ur de PSL\",\"description\":\"Listes soutenues par la CGT au CA de PSL\",\"publisher\":{\"@id\":\"https:\/\/democratie-au-coeur-de-psl.fr\/#organization\"},\"potentialAction\":[{\"@type\":\"SearchAction\",\"target\":{\"@type\":\"EntryPoint\",\"urlTemplate\":\"https:\/\/democratie-au-coeur-de-psl.fr\/?s={search_term_string}\"},\"query-input\":\"required name=search_term_string\"}],\"inLanguage\":\"fr-FR\"},{\"@type\":\"Organization\",\"@id\":\"https:\/\/democratie-au-coeur-de-psl.fr\/#organization\",\"name\":\"D\u00e9mocratie et int\u00e9r\u00eat g\u00e9n\u00e9ral au c\u0153ur de PSL\",\"url\":\"https:\/\/democratie-au-coeur-de-psl.fr\/\",\"logo\":{\"@type\":\"ImageObject\",\"inLanguage\":\"fr-FR\",\"@id\":\"https:\/\/democratie-au-coeur-de-psl.fr\/#\/schema\/logo\/image\/\",\"url\":\"https:\/\/democratie-au-coeur-de-psl.fr\/wp-content\/uploads\/2020\/07\/cropped-tableau-1.jpg\",\"contentUrl\":\"https:\/\/democratie-au-coeur-de-psl.fr\/wp-content\/uploads\/2020\/07\/cropped-tableau-1.jpg\",\"width\":1920,\"height\":640,\"caption\":\"D\u00e9mocratie et int\u00e9r\u00eat g\u00e9n\u00e9ral au c\u0153ur de PSL\"},\"image\":{\"@id\":\"https:\/\/democratie-au-coeur-de-psl.fr\/#\/schema\/logo\/image\/\"},\"sameAs\":[\"https:\/\/x.com\/Syndic_CA_PSL\"]},{\"@type\":\"Person\",\"@id\":\"https:\/\/democratie-au-coeur-de-psl.fr\/#\/schema\/person\/94958bdb1b80009262db6fc1e2df1838\",\"name\":\"Vos \u00e9lu.es\",\"image\":{\"@type\":\"ImageObject\",\"inLanguage\":\"fr-FR\",\"@id\":\"https:\/\/democratie-au-coeur-de-psl.fr\/#\/schema\/person\/image\/\",\"url\":\"https:\/\/secure.gravatar.com\/avatar\/4b1529e76fe9f2bba4337d161a6e4f8a?s=96&d=mm&r=g\",\"contentUrl\":\"https:\/\/secure.gravatar.com\/avatar\/4b1529e76fe9f2bba4337d161a6e4f8a?s=96&d=mm&r=g\",\"caption\":\"Vos \u00e9lu.es\"},\"url\":\"https:\/\/democratie-au-coeur-de-psl.fr\/?author=2\"}]}<\/script>\n<!-- \/ Yoast SEO plugin. -->","yoast_head_json":{"title":"Le jury IDEX a eu lieu - D\u00e9mocratie et int\u00e9r\u00eat g\u00e9n\u00e9ral au c\u0153ur de PSL","robots":{"index":"index","follow":"follow","max-snippet":"max-snippet:-1","max-image-preview":"max-image-preview:large","max-video-preview":"max-video-preview:-1"},"canonical":"https:\/\/democratie-au-coeur-de-psl.fr\/?p=532","og_locale":"fr_FR","og_type":"article","og_title":"Le jury IDEX a eu lieu - D\u00e9mocratie et int\u00e9r\u00eat g\u00e9n\u00e9ral au c\u0153ur de PSL","og_description":"Le 24 septembre dernier, le jury international devant statuer sur l&rsquo;avenir de l&rsquo;Universit\u00e9 PSL s&rsquo;est r\u00e9uni. Nous avons appris \u00ab &nbsp; par la bande \u00bb que le r\u00e9sultat serait connu d\u00e9but novembre. Rappelons qu&rsquo;en 2016, le jury charg\u00e9 de l&rsquo;\u00e9valuation et du suivi des investissements d&rsquo;avenir avait rendu une d\u00e9cision critique sur PSL. Il lui &hellip; Le jury IDEX a eu lieu Lire la suite\u00a0\u00bb","og_url":"https:\/\/democratie-au-coeur-de-psl.fr\/?p=532","og_site_name":"D\u00e9mocratie et int\u00e9r\u00eat g\u00e9n\u00e9ral au c\u0153ur de PSL","article_published_time":"2020-10-08T10:04:46+00:00","article_modified_time":"2020-10-10T12:10:31+00:00","og_image":[{"width":2574,"height":612,"url":"https:\/\/democratie-au-coeur-de-psl.fr\/wp-content\/uploads\/2020\/10\/psl-composantes.png","type":"image\/png"}],"author":"Vos \u00e9lu.es","twitter_card":"summary_large_image","twitter_creator":"@Syndic_CA_PSL","twitter_site":"@Syndic_CA_PSL","twitter_misc":{"\u00c9crit par":"Vos \u00e9lu.es","Dur\u00e9e de lecture estim\u00e9e":"2 minutes"},"schema":{"@context":"https:\/\/schema.org","@graph":[{"@type":"Article","@id":"https:\/\/democratie-au-coeur-de-psl.fr\/?p=532#article","isPartOf":{"@id":"https:\/\/democratie-au-coeur-de-psl.fr\/?p=532"},"author":{"name":"Vos \u00e9lu.es","@id":"https:\/\/democratie-au-coeur-de-psl.fr\/#\/schema\/person\/94958bdb1b80009262db6fc1e2df1838"},"headline":"Le jury IDEX a eu lieu","datePublished":"2020-10-08T10:04:46+00:00","dateModified":"2020-10-10T12:10:31+00:00","mainEntityOfPage":{"@id":"https:\/\/democratie-au-coeur-de-psl.fr\/?p=532"},"wordCount":352,"commentCount":1,"publisher":{"@id":"https:\/\/democratie-au-coeur-de-psl.fr\/#organization"},"image":{"@id":"https:\/\/democratie-au-coeur-de-psl.fr\/?p=532#primaryimage"},"thumbnailUrl":"https:\/\/democratie-au-coeur-de-psl.fr\/wp-content\/uploads\/2020\/10\/psl-composantes.png","inLanguage":"fr-FR","potentialAction":[{"@type":"CommentAction","name":"Comment","target":["https:\/\/democratie-au-coeur-de-psl.fr\/?p=532#respond"]}]},{"@type":"WebPage","@id":"https:\/\/democratie-au-coeur-de-psl.fr\/?p=532","url":"https:\/\/democratie-au-coeur-de-psl.fr\/?p=532","name":"Le jury IDEX a eu lieu - D\u00e9mocratie et int\u00e9r\u00eat g\u00e9n\u00e9ral au c\u0153ur de PSL","isPartOf":{"@id":"https:\/\/democratie-au-coeur-de-psl.fr\/#website"},"primaryImageOfPage":{"@id":"https:\/\/democratie-au-coeur-de-psl.fr\/?p=532#primaryimage"},"image":{"@id":"https:\/\/democratie-au-coeur-de-psl.fr\/?p=532#primaryimage"},"thumbnailUrl":"https:\/\/democratie-au-coeur-de-psl.fr\/wp-content\/uploads\/2020\/10\/psl-composantes.png","datePublished":"2020-10-08T10:04:46+00:00","dateModified":"2020-10-10T12:10:31+00:00","breadcrumb":{"@id":"https:\/\/democratie-au-coeur-de-psl.fr\/?p=532#breadcrumb"},"inLanguage":"fr-FR","potentialAction":[{"@type":"ReadAction","target":["https:\/\/democratie-au-coeur-de-psl.fr\/?p=532"]}]},{"@type":"ImageObject","inLanguage":"fr-FR","@id":"https:\/\/democratie-au-coeur-de-psl.fr\/?p=532#primaryimage","url":"https:\/\/democratie-au-coeur-de-psl.fr\/wp-content\/uploads\/2020\/10\/psl-composantes.png","contentUrl":"https:\/\/democratie-au-coeur-de-psl.fr\/wp-content\/uploads\/2020\/10\/psl-composantes.png","width":2574,"height":612},{"@type":"BreadcrumbList","@id":"https:\/\/democratie-au-coeur-de-psl.fr\/?p=532#breadcrumb","itemListElement":[{"@type":"ListItem","position":1,"name":"Accueil","item":"https:\/\/democratie-au-coeur-de-psl.fr\/"},{"@type":"ListItem","position":2,"name":"Le jury IDEX a eu lieu"}]},{"@type":"WebSite","@id":"https:\/\/democratie-au-coeur-de-psl.fr\/#website","url":"https:\/\/democratie-au-coeur-de-psl.fr\/","name":"D\u00e9mocratie et int\u00e9r\u00eat g\u00e9n\u00e9ral au c\u0153ur de PSL","description":"Listes soutenues par la CGT au CA de PSL","publisher":{"@id":"https:\/\/democratie-au-coeur-de-psl.fr\/#organization"},"potentialAction":[{"@type":"SearchAction","target":{"@type":"EntryPoint","urlTemplate":"https:\/\/democratie-au-coeur-de-psl.fr\/?s={search_term_string}"},"query-input":"required name=search_term_string"}],"inLanguage":"fr-FR"},{"@type":"Organization","@id":"https:\/\/democratie-au-coeur-de-psl.fr\/#organization","name":"D\u00e9mocratie et int\u00e9r\u00eat g\u00e9n\u00e9ral au c\u0153ur de PSL","url":"https:\/\/democratie-au-coeur-de-psl.fr\/","logo":{"@type":"ImageObject","inLanguage":"fr-FR","@id":"https:\/\/democratie-au-coeur-de-psl.fr\/#\/schema\/logo\/image\/","url":"https:\/\/democratie-au-coeur-de-psl.fr\/wp-content\/uploads\/2020\/07\/cropped-tableau-1.jpg","contentUrl":"https:\/\/democratie-au-coeur-de-psl.fr\/wp-content\/uploads\/2020\/07\/cropped-tableau-1.jpg","width":1920,"height":640,"caption":"D\u00e9mocratie et int\u00e9r\u00eat g\u00e9n\u00e9ral au c\u0153ur de PSL"},"image":{"@id":"https:\/\/democratie-au-coeur-de-psl.fr\/#\/schema\/logo\/image\/"},"sameAs":["https:\/\/x.com\/Syndic_CA_PSL"]},{"@type":"Person","@id":"https:\/\/democratie-au-coeur-de-psl.fr\/#\/schema\/person\/94958bdb1b80009262db6fc1e2df1838","name":"Vos \u00e9lu.es","image":{"@type":"ImageObject","inLanguage":"fr-FR","@id":"https:\/\/democratie-au-coeur-de-psl.fr\/#\/schema\/person\/image\/","url":"https:\/\/secure.gravatar.com\/avatar\/4b1529e76fe9f2bba4337d161a6e4f8a?s=96&d=mm&r=g","contentUrl":"https:\/\/secure.gravatar.com\/avatar\/4b1529e76fe9f2bba4337d161a6e4f8a?s=96&d=mm&r=g","caption":"Vos \u00e9lu.es"},"url":"https:\/\/democratie-au-coeur-de-psl.fr\/?author=2"}]}},"jetpack_sharing_enabled":true,"jetpack_featured_media_url":"https:\/\/democratie-au-coeur-de-psl.fr\/wp-content\/uploads\/2020\/10\/psl-composantes.png","_links":{"self":[{"href":"https:\/\/democratie-au-coeur-de-psl.fr\/index.php?rest_route=\/wp\/v2\/posts\/532"}],"collection":[{"href":"https:\/\/democratie-au-coeur-de-psl.fr\/index.php?rest_route=\/wp\/v2\/posts"}],"about":[{"href":"https:\/\/democratie-au-coeur-de-psl.fr\/index.php?rest_route=\/wp\/v2\/types\/post"}],"author":[{"embeddable":true,"href":"https:\/\/democratie-au-coeur-de-psl.fr\/index.php?rest_route=\/wp\/v2\/users\/2"}],"replies":[{"embeddable":true,"href":"https:\/\/democratie-au-coeur-de-psl.fr\/index.php?rest_route=%2Fwp%2Fv2%2Fcomments&post=532"}],"version-history":[{"count":25,"href":"https:\/\/democratie-au-coeur-de-psl.fr\/index.php?rest_route=\/wp\/v2\/posts\/532\/revisions"}],"predecessor-version":[{"id":615,"href":"https:\/\/democratie-au-coeur-de-psl.fr\/index.php?rest_route=\/wp\/v2\/posts\/532\/revisions\/615"}],"wp:featuredmedia":[{"embeddable":true,"href":"https:\/\/democratie-au-coeur-de-psl.fr\/index.php?rest_route=\/wp\/v2\/media\/533"}],"wp:attachment":[{"href":"https:\/\/democratie-au-coeur-de-psl.fr\/index.php?rest_route=%2Fwp%2Fv2%2Fmedia&parent=532"}],"wp:term":[{"taxonomy":"category","embeddable":true,"href":"https:\/\/democratie-au-coeur-de-psl.fr\/index.php?rest_route=%2Fwp%2Fv2%2Fcategories&post=532"},{"taxonomy":"post_tag","embeddable":true,"href":"https:\/\/democratie-au-coeur-de-psl.fr\/index.php?rest_route=%2Fwp%2Fv2%2Ftags&post=532"}],"curies":[{"name":"wp","href":"https:\/\/api.w.org\/{rel}","templated":true}]}}