{"id":1442,"date":"2026-01-21T10:52:08","date_gmt":"2026-01-21T09:52:08","guid":{"rendered":"https:\/\/democratie-au-coeur-de-psl.fr\/?p=1442"},"modified":"2026-01-21T10:52:09","modified_gmt":"2026-01-21T09:52:09","slug":"la-democratie-par-lepuisement","status":"publish","type":"post","link":"https:\/\/democratie-au-coeur-de-psl.fr\/?p=1442","title":{"rendered":"La \u00ab d\u00e9mocratie \u00bb par&#8230; l\u2019\u00e9puisement"},"content":{"rendered":"\n<p>Mardi 16 d\u00e9cembre 2025 a eu lieu le premier Conseil d&rsquo;administration de la nouvelle mandature. Nous avons \u00e9t\u00e9 \u00e9lu\u00b7es pour continuer le travail critique de l\u2019institution PSL d\u00e9but\u00e9 en 2020 au moment des discussions relatives aux statuts de cette super-structure de l\u2019ESR au service de la politique d\u2019excellence pr\u00f4n\u00e9e par le minist\u00e8re et relay\u00e9e par l\u2019Udice (dont PSL est un membre actif).\u00a0<br><br>Le CA de PSL est, comme de nombreux CA des \u00e9tablissements-composantes, construit de telle sorte que le d\u00e9bat et la construction d\u00e9mocratique des d\u00e9cisions strat\u00e9giques n\u2019est pas l\u2019objectif recherch\u00e9. Celui de PSL est certainement un peu plus confiscatoire encore du fait de son organisation\u00a0:\u00a0l&rsquo;\u00e9quilibre entre les diff\u00e9rents coll\u00e8ges qui composent le CA (le Directoire (17 personnes) et les \u00e9lu\u00b7es (17, dont nous faisons partie) n&rsquo;est que de fa\u00e7ade et cela pour deux raisons. D\u2019une part le Directoire se r\u00e9unit syst\u00e9matique en amont des CA ce qui permet \u00e0 ses membres de parler ensuite d\u2019une seule voix. C\u2019est ainsi que, durant la pr\u00e9c\u00e9dente mandature aucun dissensus au sein du Directoire ne s\u2019est exprim\u00e9 en CA. D\u2019autre part, le coll\u00e8ge des \u00e9lu\u00b7es fonctionne \u00e0 l\u2019inverse\u00a0: sa composition refl\u00e8te la diversit\u00e9 de notre communaut\u00e9 et n\u2019a donc aucune raison a priori de parler d\u2019une seule voix.\u00a0<br>\u00c0 ces 34 membres, viennent s\u2019ajouter huit personnalit\u00e9s qualifi\u00e9es (PQ) qui constituent le coll\u00e8ge 3 du CA. Parmi ces huit personnalit\u00e9s, deux sont d\u00e9sign\u00e9es par les pouvoirs publics locaux\u00a0: une par la Ville de Paris et une autre par le Conseil R\u00e9gional. Lors de la mandature pr\u00e9c\u00e9dente, le Pr\u00e9sident et le Directoire pouvaient s&rsquo;appuyer sur le soutien inconditionnel de ces deux membres, qui \u00e9taient absentes de mani\u00e8re syst\u00e9matique mais sans pour autant oublier de donner procuration. Les six membres restants de ce coll\u00e8ge sont d\u00e9sign\u00e9s conjointement par les<sup> <\/sup>repr\u00e9sentant\u00b7es des coll\u00e8ges 1 et 2 par vote au 2\/3, l&rsquo;\u00e9cart entre le nombre de femmes et d&rsquo;hommes ne pouvant<sup> <\/sup>\u00eatre sup\u00e9rieur \u00e0 un.<br><\/p>\n\n\n\n<p>Apr\u00e8s ces quelques \u00e9l\u00e9ments de rappel, voici ce qui s&rsquo;est pass\u00e9 lors du premier CA consacr\u00e9 \u00e0 l\u2019\u00e9lection de ces six PQ pour lesquelles nous avions un pouvoir de d\u00e9signation. Le directoire nous avait fait les propositions suivantes :\u00a0<\/p>\n\n\n\n<p><br><strong>\u00a0\u00a0\u00a0 &#8211; pour les femmes :\u00a0<\/strong><\/p>\n\n\n\n<ul>\n<li><strong>Karine Revcolevschi\u00a0<\/strong> (EDF, ancienne de l&rsquo;ENS)<\/li>\n\n\n\n<li><strong>Sandrine Treiner<\/strong> (si\u00e9geant dans le Conseil d\u2019Administration pr\u00e9c\u00e9dent, Flammarion)<\/li>\n<\/ul>\n\n\n\n<p><strong>\u00a0\u00a0\u00a0 &#8211; pour les hommes :<\/strong><\/p>\n\n\n\n<ul>\n<li><strong>Julien Bargeton :<\/strong> (pr\u00e9sident de la Cit\u00e9 de l\u2019Architecture et du Patrimoine)<\/li>\n\n\n\n<li><strong>Jean-Luc <\/strong><strong>Beylat (<\/strong>si\u00e9geant dans le Conseil d\u2019Administration pr\u00e9c\u00e9dent, Pr\u00e9sident Systematic Paris-Region et ABG, ancien de Nokia et Bell-Labs France, d\u00e9sormais retrait\u00e9)<\/li>\n\n\n\n<li><strong>Beno\u00eet Parizet (<\/strong>ancien de Dauphine,\u00a0 responsable num\u00e9rique dans les services publics, chez DOCAPOSTE)<\/li>\n<\/ul>\n\n\n\n<p><br>Nous, les \u00e9lu\u00b7es, avons tout d\u2019abord \u00e9t\u00e9 convoqu\u00e9\u00b7es le 4 d\u00e9cembre pour nous faire voter le 6 d\u00e9cembre. \u00c9videmment avec si peu de temps, et sans nous conna\u00eetre au pr\u00e9alable, il nous \u00e9tait impossible de nous organiser pour proposer nous aussi des PQ et \u00e9tudier les profils des PQ propos\u00e9es par le directoire. Ainsi, nous avons demand\u00e9 de d\u00e9caler ce vote pour pouvoir travailler correctement. Cette demande a \u00e9t\u00e9 appuy\u00e9e par quasiment l\u2019ensemble des \u00e9lu\u00b7es. La pr\u00e9sidence a entendu cette revendication et a d\u00e9cal\u00e9 le vote au 16 d\u00e9cembre. Nous avons appr\u00e9ci\u00e9 ce geste et cette \u00e9coute.&nbsp;<br><br>Nous nous sommes donc attel\u00e9\u00b7es \u00e0 la recherche de PQ. Les \u00e9lu\u00b7es des listes D\u00e9mocratie et int\u00e9r\u00eat g\u00e9n\u00e9ral au c\u0153ur de PSL, l\u2019\u00e9lu de Sud \u00e9ducation et les \u00e9lu\u00b7es \u00e9tudiant\u00b7es de la liste Union \u00c9tudiante, FEVE et CGT avons des objectifs et des professions de fois tr\u00e8s proches. Il nous a donc \u00e9t\u00e9 assez facile de travailler ensemble.&nbsp;Ce fut un peu plus complexe avec le reste des \u00e9lu\u00b7es du coll\u00e8ge 2 ce qui est \u00e9videmment bien normal vu la diversit\u00e9 des points de vue (voir \u00e0 ce propos les diff\u00e9rentes professions de foi). Nous avons tout de m\u00eame r\u00e9ussi \u00e0 majoritairement (10 \u00e9lu\u00b7es) soutenir 5 noms :&nbsp;<\/p>\n\n\n\n<ul>\n<li><strong>L\u00e9na\u00efg Bredoux <\/strong>(codirectrice \u00e9ditoriale \u00e0 Mediapart, responsable \u00e9ditoriale aux questions de genre)<\/li>\n\n\n\n<li><strong>Ari\u00e9 Alimi <\/strong>(avocat, vice-pr\u00e9sident de la Ligue des Droits de l&rsquo;Homme)<\/li>\n\n\n\n<li><strong>Matthieu Auzanneau<\/strong> (directeur de the Shift Project )<\/li>\n\n\n\n<li><strong>Serge Halimi<\/strong> (\u00e9crivain et journaliste, r\u00e9dacteur au Monde Diplomatique)<\/li>\n\n\n\n<li><strong>Matthieu Niango<\/strong> (cabinet de la directrice de l&rsquo;Unesco)<\/li>\n<\/ul>\n\n\n\n<p><br>Malgr\u00e9 une majorit\u00e9 soutenant la liste propos\u00e9e ci-dessus, la candidature de <strong>Romain Duboc (Veolia)<\/strong> a aussi \u00e9t\u00e9 propos\u00e9 (soutenue par 3 \u00e9lu\u00b7es), mais nous n\u2019y apportions pas notre soutien puisque les \u00e9tablissements membres ne manquent pas de partenariats avec des grandes entreprises&#8230; Ainsi, alors que le bloc du directoire est toujours homog\u00e8ne devant le CA (puisqu\u2019ils et elles ont d\u00e9battu en directoire en amont du CA des noms que nous avions propos\u00e9 en amont), les membres \u00e9lu\u00b7es ont directement affich\u00e9 une h\u00e9t\u00e9rog\u00e9n\u00e9it\u00e9. Parler d&rsquo;une seule voix nous aurait tout de m\u00eame permis de peser un peu davantage pour \u00e9viter la pr\u00e9sence massive du secteur priv\u00e9 lucratif dans notre CA.&nbsp;<br><br>Le pr\u00e9sident a \u00e9vacu\u00e9 fermement la possibilit\u00e9 d\u2019avoir un ou une journaliste dans le CA : il a argument\u00e9 qu\u2019on avait, \u00e0 PSL, des formations de journalisme, et donc que nous n\u2019avions pas besoin de cette expertise, qu\u2019il y avait des conflits d\u2019int\u00e9r\u00eat possibles, et que les \u00e9changes en CA pouvaient \u00eatre confidentiels. Nous ne partageons pas cet avis comme nous l&rsquo;avons exprim\u00e9 lors de la s\u00e9ance. Une telle candidature nous aurait \u00e9t\u00e9 toutefois bien utile pour r\u00e9fl\u00e9chir \u00e0 la place de la science dans la soci\u00e9t\u00e9 et la production d\u2019une opinion publique \u00e9clair\u00e9e dans un contexte o\u00f9 la d\u00e9sinformation croit.<\/p>\n\n\n\n<p>Le Pr\u00e9sident a \u00e9galement \u00e9vacu\u00e9, au nom du Directoire, la candidature d\u2019Ari\u00e9 Alimi, avec un argument similaire : il poss\u00e8de des comp\u00e9tences juridiques qui sont pr\u00e9sentes dans PSL. L&rsquo;argument des comp\u00e9tences est ici encore fallacieux puisque, comme nous l&rsquo;avons pr\u00e9cis\u00e9, c\u2019est surtout son implication dans la vie associative et la lutte pour d\u00e9fendre les libert\u00e9s publiques (dont les libert\u00e9s associatives et d&rsquo;expression) qui a motiv\u00e9 notre proposition. Mais cette candidature apparaissait bien trop clivante aux yeux du Directoire, qui n&rsquo;a n\u00e9anmoins pas clairement pr\u00e9cis\u00e9 en quoi consistait cette ligne de clivage. Le r\u00e9f\u00e9r\u00e9-libert\u00e9 d\u00e9pos\u00e9, parmi d&rsquo;autres organisations, par la LDH (dont A. Alimi est un membre reconnu) contre l&rsquo;annulation du colloque \u00ab&nbsp;La Palestine et l\u2019Europe : poids du pass\u00e9 et dynamiques contemporaines \u00bb, pr\u00e9vu les 13 et 14 novembre 2025 au coll\u00e8ge de France n&rsquo;y est peut-\u00eatre pas pour rien. Nous n&rsquo;en saurons pas plus.&nbsp;On vous laisse interpr\u00e9ter cette non-\u00e9lection en regardant son profil et son parcours d&rsquo;une int\u00e9grit\u00e9 remarquable.<br><br><br><\/p>\n\n\n\n<p>Le CA officiel a commenc\u00e9 \u00e0 10h sans savoir a priori ce qu\u2019allaient \u00eatre les r\u00e9sultats.&nbsp;<br>Le premier tour a r\u00e9v\u00e9l\u00e9 que seule la candidature de <strong>Matthieu Niango<\/strong> faisait un large consensus puisqu\u2019il a r\u00e9colt\u00e9 24 voix&nbsp; pour (dont les n\u00f4tres), 3 contres et&nbsp; 7 abstentions. Toutes les autres candidatures n\u2019ont pas obtenu la majorit\u00e9 des 2\/3 requise.&nbsp;<br><br>S\u2019en sont donc suivis de nombreux tours de vote pendant&#8230; 4h ! En effet, le vote se faisant au 2\/3 des membres du CA et candidature par candidature jusqu&rsquo;\u00e0 que l&rsquo;on ait le nombre de personnes attendu, rendant quasi impossible une entente sans accord pr\u00e9alable (que nous avons plusieurs fois propos\u00e9 au pr\u00e9sident, sans succ\u00e8s). Le pr\u00e9sident a de nombreuses fois cherch\u00e9 \u00e0 \u00e9courter le vote en souhaitant ne garder que les personnes qui avaient le plus de vote \u00ab&nbsp;pour&nbsp;\u00bb (m\u00eame sans avoir pass\u00e9 la barre des 2\/3). Nous, \u00e9lu\u00b7es signataires de ce CR, avons refus\u00e9 \u00e0 chaque fois, laissant les m\u00e9canismes de vote s\u2019ajuster. Notre objectif \u00e9tait d\u2019obtenir trois noms parmi la liste des PQ propos\u00e9es par la majorit\u00e9 des \u00e9lu\u00b7es (donc sans Romain Duboc).&nbsp;<br><br>Par \u00e9puisement, quelques un\u00b7es ont c\u00e9d\u00e9 (nous ainsi que les \u00e9tudiant\u00b7es pr\u00e9c\u00e9demment mentionn\u00e9\u00b7es n\u2019ayant pas \u00e9volu\u00e9 sur nos positions durant le vote) et ont soutenu des PQ du directoire et, finalement, au bout de quatre tours de vote, les personnes suivantes ont \u00e9t\u00e9 \u00e9lu\u00b7es :&nbsp;<\/p>\n\n\n\n<ul>\n<li><strong>Karine Revcolevschi\u00a0<\/strong> (EDF, ancienne de l&rsquo;ENS), au 2e tour<\/li>\n\n\n\n<li><strong>Sandrine Treiner<\/strong> (si\u00e9geant dans le conseil d\u2019administration pr\u00e9c\u00e9dent, Flammarion), au 3e tour<\/li>\n\n\n\n<li><strong>Matthieu Auzanneau<\/strong> (directeur de the Shift Project ), au 2e tour<\/li>\n\n\n\n<li><strong>Matthieu Niango<\/strong> (cabinet de la directrice de l&rsquo;Unesco), au 1er tour<\/li>\n\n\n\n<li><strong>Jean-Luc <\/strong><strong>Beylat <\/strong>(si\u00e9geant dans le conseil d\u2019administration pr\u00e9c\u00e9dent, Pr\u00e9sident de Systematic Paris-Region et ABG, ancien de\u00a0 Nokia Bell-Labs France, d\u00e9sormais retrait\u00e9), au 3e tour<\/li>\n\n\n\n<li><strong>Romain Duboc (Veolia), <\/strong>au 4e tour<\/li>\n<\/ul>\n\n\n\n<p><br>Si nous comprenons les r\u00e9ticences \u00e0 faire \u00e9lire un\u00b7e journaliste, nous regrettons fortement le manque de consensus parmi les \u00e9lu\u00b7es et le directoire sur le nom d&rsquo;Ari\u00e9 Alimi. Celui-ci aurait pu nous accompagner dans une r\u00e9flexion sur les libert\u00e9s acad\u00e9miques qui s&rsquo;av\u00e8re n\u00e9cessaire non seulement \u00e0 l&rsquo;heure o\u00f9 celles-ci font l&rsquo;objet d&rsquo;attaques de plus en plus r\u00e9currentes et cela au sein m\u00eame des \u00e9tablissements de PSL, mais aussi en vue du paysage politique, qui vire de plus en plus \u00e0 droite, et des \u00e9lections pr\u00e9sidentielles \u00e0 venir. Nous sommes toutefois heureux d&rsquo;avoir pu faire \u00e9lire <strong>Matthieu Auzanneau et Matthieu Niango<\/strong><strong>, qui<\/strong><strong> <\/strong>nous semblent des profils int\u00e9ressants pour ouvrir le CA \u00e0 une diversit\u00e9 de point de vue.&nbsp;<br><br>Voil\u00e0 pour un premier compte-rendu de nos actions au CA de PSL !&nbsp;<br><br>Ces 4h de votes et 5h de r\u00e9unions ont \u00e9t\u00e9 \u00e9prouvantes mais nous avons tenu le cap ! Si nous regrettons de ne pas avoir r\u00e9ussi \u00e0 obtenir une plus pleine reconnaissance du projet que nous proposions de porter pour PSL au travers des candidatures que nous avons soutenues, nous sommes n\u00e9anmoins satisfait\u00b7es d&rsquo;avoir obtenu la possibilit\u00e9 d&rsquo;avancer ensemble, avec une majorit\u00e9 des \u00e9lu\u00b7es, dans la formulation de ce projet et d&rsquo;avoir t\u00e9moign\u00e9, par nos votes, de notre attachement \u00e0 une autre vision de l&rsquo;Universit\u00e9.<\/p>\n","protected":false},"excerpt":{"rendered":"<p>Mardi 16 d\u00e9cembre 2025 a eu lieu le premier Conseil d&rsquo;administration de la nouvelle mandature. Nous avons \u00e9t\u00e9 \u00e9lu\u00b7es pour continuer le travail critique de l\u2019institution PSL d\u00e9but\u00e9 en 2020 au moment des discussions relatives aux statuts de cette super-structure de l\u2019ESR au service de la politique d\u2019excellence pr\u00f4n\u00e9e par le minist\u00e8re et relay\u00e9e par &hellip;<\/p>\n<p class=\"read-more\"> <a class=\"\" href=\"https:\/\/democratie-au-coeur-de-psl.fr\/?p=1442\"> <span class=\"screen-reader-text\">La \u00ab d\u00e9mocratie \u00bb par&#8230; l\u2019\u00e9puisement<\/span> Lire la suite\u00a0\u00bb<\/a><\/p>\n","protected":false},"author":4,"featured_media":0,"comment_status":"closed","ping_status":"closed","sticky":false,"template":"","format":"standard","meta":{"_jetpack_memberships_contains_paid_content":false,"footnotes":""},"categories":[1],"tags":[],"yoast_head":"<!-- This site is optimized with the Yoast SEO plugin v22.9 - https:\/\/yoast.com\/wordpress\/plugins\/seo\/ -->\n<title>La \u00ab d\u00e9mocratie \u00bb par... l\u2019\u00e9puisement - D\u00e9mocratie et int\u00e9r\u00eat g\u00e9n\u00e9ral au c\u0153ur de PSL<\/title>\n<meta name=\"robots\" content=\"index, follow, max-snippet:-1, max-image-preview:large, max-video-preview:-1\" \/>\n<link rel=\"canonical\" href=\"https:\/\/democratie-au-coeur-de-psl.fr\/?p=1442\" \/>\n<meta property=\"og:locale\" content=\"fr_FR\" \/>\n<meta property=\"og:type\" content=\"article\" \/>\n<meta property=\"og:title\" content=\"La \u00ab d\u00e9mocratie \u00bb par... l\u2019\u00e9puisement - D\u00e9mocratie et int\u00e9r\u00eat g\u00e9n\u00e9ral au c\u0153ur de PSL\" \/>\n<meta property=\"og:description\" content=\"Mardi 16 d\u00e9cembre 2025 a eu lieu le premier Conseil d&rsquo;administration de la nouvelle mandature. Nous avons \u00e9t\u00e9 \u00e9lu\u00b7es pour continuer le travail critique de l\u2019institution PSL d\u00e9but\u00e9 en 2020 au moment des discussions relatives aux statuts de cette super-structure de l\u2019ESR au service de la politique d\u2019excellence pr\u00f4n\u00e9e par le minist\u00e8re et relay\u00e9e par &hellip; La \u00ab d\u00e9mocratie \u00bb par&#8230; l\u2019\u00e9puisement Lire la suite\u00a0\u00bb\" \/>\n<meta property=\"og:url\" content=\"https:\/\/democratie-au-coeur-de-psl.fr\/?p=1442\" \/>\n<meta property=\"og:site_name\" content=\"D\u00e9mocratie et int\u00e9r\u00eat g\u00e9n\u00e9ral au c\u0153ur de PSL\" \/>\n<meta property=\"article:published_time\" content=\"2026-01-21T09:52:08+00:00\" \/>\n<meta property=\"article:modified_time\" content=\"2026-01-21T09:52:09+00:00\" \/>\n<meta name=\"author\" content=\"Vos \u00e9lu.es\" \/>\n<meta name=\"twitter:card\" content=\"summary_large_image\" \/>\n<meta name=\"twitter:creator\" content=\"@Syndic_CA_PSL\" \/>\n<meta name=\"twitter:site\" content=\"@Syndic_CA_PSL\" \/>\n<meta name=\"twitter:label1\" content=\"\u00c9crit par\" \/>\n\t<meta name=\"twitter:data1\" content=\"Vos \u00e9lu.es\" \/>\n\t<meta name=\"twitter:label2\" content=\"Dur\u00e9e de lecture estim\u00e9e\" \/>\n\t<meta name=\"twitter:data2\" content=\"8 minutes\" \/>\n<script type=\"application\/ld+json\" class=\"yoast-schema-graph\">{\"@context\":\"https:\/\/schema.org\",\"@graph\":[{\"@type\":\"Article\",\"@id\":\"https:\/\/democratie-au-coeur-de-psl.fr\/?p=1442#article\",\"isPartOf\":{\"@id\":\"https:\/\/democratie-au-coeur-de-psl.fr\/?p=1442\"},\"author\":{\"name\":\"Vos \u00e9lu.es\",\"@id\":\"https:\/\/democratie-au-coeur-de-psl.fr\/#\/schema\/person\/9ccbcd07fe679049395b52603d1da38d\"},\"headline\":\"La \u00ab d\u00e9mocratie \u00bb par&#8230; l\u2019\u00e9puisement\",\"datePublished\":\"2026-01-21T09:52:08+00:00\",\"dateModified\":\"2026-01-21T09:52:09+00:00\",\"mainEntityOfPage\":{\"@id\":\"https:\/\/democratie-au-coeur-de-psl.fr\/?p=1442\"},\"wordCount\":1751,\"publisher\":{\"@id\":\"https:\/\/democratie-au-coeur-de-psl.fr\/#organization\"},\"inLanguage\":\"fr-FR\"},{\"@type\":\"WebPage\",\"@id\":\"https:\/\/democratie-au-coeur-de-psl.fr\/?p=1442\",\"url\":\"https:\/\/democratie-au-coeur-de-psl.fr\/?p=1442\",\"name\":\"La \u00ab d\u00e9mocratie \u00bb par... l\u2019\u00e9puisement - D\u00e9mocratie et int\u00e9r\u00eat g\u00e9n\u00e9ral au c\u0153ur de PSL\",\"isPartOf\":{\"@id\":\"https:\/\/democratie-au-coeur-de-psl.fr\/#website\"},\"datePublished\":\"2026-01-21T09:52:08+00:00\",\"dateModified\":\"2026-01-21T09:52:09+00:00\",\"breadcrumb\":{\"@id\":\"https:\/\/democratie-au-coeur-de-psl.fr\/?p=1442#breadcrumb\"},\"inLanguage\":\"fr-FR\",\"potentialAction\":[{\"@type\":\"ReadAction\",\"target\":[\"https:\/\/democratie-au-coeur-de-psl.fr\/?p=1442\"]}]},{\"@type\":\"BreadcrumbList\",\"@id\":\"https:\/\/democratie-au-coeur-de-psl.fr\/?p=1442#breadcrumb\",\"itemListElement\":[{\"@type\":\"ListItem\",\"position\":1,\"name\":\"Accueil\",\"item\":\"https:\/\/democratie-au-coeur-de-psl.fr\/\"},{\"@type\":\"ListItem\",\"position\":2,\"name\":\"La \u00ab d\u00e9mocratie \u00bb par&#8230; l\u2019\u00e9puisement\"}]},{\"@type\":\"WebSite\",\"@id\":\"https:\/\/democratie-au-coeur-de-psl.fr\/#website\",\"url\":\"https:\/\/democratie-au-coeur-de-psl.fr\/\",\"name\":\"D\u00e9mocratie et int\u00e9r\u00eat g\u00e9n\u00e9ral au c\u0153ur de PSL\",\"description\":\"Listes soutenues par la CGT au CA de PSL\",\"publisher\":{\"@id\":\"https:\/\/democratie-au-coeur-de-psl.fr\/#organization\"},\"potentialAction\":[{\"@type\":\"SearchAction\",\"target\":{\"@type\":\"EntryPoint\",\"urlTemplate\":\"https:\/\/democratie-au-coeur-de-psl.fr\/?s={search_term_string}\"},\"query-input\":\"required name=search_term_string\"}],\"inLanguage\":\"fr-FR\"},{\"@type\":\"Organization\",\"@id\":\"https:\/\/democratie-au-coeur-de-psl.fr\/#organization\",\"name\":\"D\u00e9mocratie et int\u00e9r\u00eat g\u00e9n\u00e9ral au c\u0153ur de PSL\",\"url\":\"https:\/\/democratie-au-coeur-de-psl.fr\/\",\"logo\":{\"@type\":\"ImageObject\",\"inLanguage\":\"fr-FR\",\"@id\":\"https:\/\/democratie-au-coeur-de-psl.fr\/#\/schema\/logo\/image\/\",\"url\":\"https:\/\/democratie-au-coeur-de-psl.fr\/wp-content\/uploads\/2020\/07\/cropped-tableau-1.jpg\",\"contentUrl\":\"https:\/\/democratie-au-coeur-de-psl.fr\/wp-content\/uploads\/2020\/07\/cropped-tableau-1.jpg\",\"width\":1920,\"height\":640,\"caption\":\"D\u00e9mocratie et int\u00e9r\u00eat g\u00e9n\u00e9ral au c\u0153ur de PSL\"},\"image\":{\"@id\":\"https:\/\/democratie-au-coeur-de-psl.fr\/#\/schema\/logo\/image\/\"},\"sameAs\":[\"https:\/\/x.com\/Syndic_CA_PSL\"]},{\"@type\":\"Person\",\"@id\":\"https:\/\/democratie-au-coeur-de-psl.fr\/#\/schema\/person\/9ccbcd07fe679049395b52603d1da38d\",\"name\":\"Vos \u00e9lu.es\",\"image\":{\"@type\":\"ImageObject\",\"inLanguage\":\"fr-FR\",\"@id\":\"https:\/\/democratie-au-coeur-de-psl.fr\/#\/schema\/person\/image\/\",\"url\":\"https:\/\/secure.gravatar.com\/avatar\/dd6661114b325758487974f0c7ba15b9?s=96&d=mm&r=g\",\"contentUrl\":\"https:\/\/secure.gravatar.com\/avatar\/dd6661114b325758487974f0c7ba15b9?s=96&d=mm&r=g\",\"caption\":\"Vos \u00e9lu.es\"},\"url\":\"https:\/\/democratie-au-coeur-de-psl.fr\/?author=4\"}]}<\/script>\n<!-- \/ Yoast SEO plugin. -->","yoast_head_json":{"title":"La \u00ab d\u00e9mocratie \u00bb par... l\u2019\u00e9puisement - D\u00e9mocratie et int\u00e9r\u00eat g\u00e9n\u00e9ral au c\u0153ur de PSL","robots":{"index":"index","follow":"follow","max-snippet":"max-snippet:-1","max-image-preview":"max-image-preview:large","max-video-preview":"max-video-preview:-1"},"canonical":"https:\/\/democratie-au-coeur-de-psl.fr\/?p=1442","og_locale":"fr_FR","og_type":"article","og_title":"La \u00ab d\u00e9mocratie \u00bb par... l\u2019\u00e9puisement - D\u00e9mocratie et int\u00e9r\u00eat g\u00e9n\u00e9ral au c\u0153ur de PSL","og_description":"Mardi 16 d\u00e9cembre 2025 a eu lieu le premier Conseil d&rsquo;administration de la nouvelle mandature. Nous avons \u00e9t\u00e9 \u00e9lu\u00b7es pour continuer le travail critique de l\u2019institution PSL d\u00e9but\u00e9 en 2020 au moment des discussions relatives aux statuts de cette super-structure de l\u2019ESR au service de la politique d\u2019excellence pr\u00f4n\u00e9e par le minist\u00e8re et relay\u00e9e par &hellip; La \u00ab d\u00e9mocratie \u00bb par&#8230; l\u2019\u00e9puisement Lire la suite\u00a0\u00bb","og_url":"https:\/\/democratie-au-coeur-de-psl.fr\/?p=1442","og_site_name":"D\u00e9mocratie et int\u00e9r\u00eat g\u00e9n\u00e9ral au c\u0153ur de PSL","article_published_time":"2026-01-21T09:52:08+00:00","article_modified_time":"2026-01-21T09:52:09+00:00","author":"Vos \u00e9lu.es","twitter_card":"summary_large_image","twitter_creator":"@Syndic_CA_PSL","twitter_site":"@Syndic_CA_PSL","twitter_misc":{"\u00c9crit par":"Vos \u00e9lu.es","Dur\u00e9e de lecture estim\u00e9e":"8 minutes"},"schema":{"@context":"https:\/\/schema.org","@graph":[{"@type":"Article","@id":"https:\/\/democratie-au-coeur-de-psl.fr\/?p=1442#article","isPartOf":{"@id":"https:\/\/democratie-au-coeur-de-psl.fr\/?p=1442"},"author":{"name":"Vos \u00e9lu.es","@id":"https:\/\/democratie-au-coeur-de-psl.fr\/#\/schema\/person\/9ccbcd07fe679049395b52603d1da38d"},"headline":"La \u00ab d\u00e9mocratie \u00bb par&#8230; l\u2019\u00e9puisement","datePublished":"2026-01-21T09:52:08+00:00","dateModified":"2026-01-21T09:52:09+00:00","mainEntityOfPage":{"@id":"https:\/\/democratie-au-coeur-de-psl.fr\/?p=1442"},"wordCount":1751,"publisher":{"@id":"https:\/\/democratie-au-coeur-de-psl.fr\/#organization"},"inLanguage":"fr-FR"},{"@type":"WebPage","@id":"https:\/\/democratie-au-coeur-de-psl.fr\/?p=1442","url":"https:\/\/democratie-au-coeur-de-psl.fr\/?p=1442","name":"La \u00ab d\u00e9mocratie \u00bb par... l\u2019\u00e9puisement - D\u00e9mocratie et int\u00e9r\u00eat g\u00e9n\u00e9ral au c\u0153ur de PSL","isPartOf":{"@id":"https:\/\/democratie-au-coeur-de-psl.fr\/#website"},"datePublished":"2026-01-21T09:52:08+00:00","dateModified":"2026-01-21T09:52:09+00:00","breadcrumb":{"@id":"https:\/\/democratie-au-coeur-de-psl.fr\/?p=1442#breadcrumb"},"inLanguage":"fr-FR","potentialAction":[{"@type":"ReadAction","target":["https:\/\/democratie-au-coeur-de-psl.fr\/?p=1442"]}]},{"@type":"BreadcrumbList","@id":"https:\/\/democratie-au-coeur-de-psl.fr\/?p=1442#breadcrumb","itemListElement":[{"@type":"ListItem","position":1,"name":"Accueil","item":"https:\/\/democratie-au-coeur-de-psl.fr\/"},{"@type":"ListItem","position":2,"name":"La \u00ab d\u00e9mocratie \u00bb par&#8230; l\u2019\u00e9puisement"}]},{"@type":"WebSite","@id":"https:\/\/democratie-au-coeur-de-psl.fr\/#website","url":"https:\/\/democratie-au-coeur-de-psl.fr\/","name":"D\u00e9mocratie et int\u00e9r\u00eat g\u00e9n\u00e9ral au c\u0153ur de PSL","description":"Listes soutenues par la CGT au CA de PSL","publisher":{"@id":"https:\/\/democratie-au-coeur-de-psl.fr\/#organization"},"potentialAction":[{"@type":"SearchAction","target":{"@type":"EntryPoint","urlTemplate":"https:\/\/democratie-au-coeur-de-psl.fr\/?s={search_term_string}"},"query-input":"required name=search_term_string"}],"inLanguage":"fr-FR"},{"@type":"Organization","@id":"https:\/\/democratie-au-coeur-de-psl.fr\/#organization","name":"D\u00e9mocratie et int\u00e9r\u00eat g\u00e9n\u00e9ral au c\u0153ur de PSL","url":"https:\/\/democratie-au-coeur-de-psl.fr\/","logo":{"@type":"ImageObject","inLanguage":"fr-FR","@id":"https:\/\/democratie-au-coeur-de-psl.fr\/#\/schema\/logo\/image\/","url":"https:\/\/democratie-au-coeur-de-psl.fr\/wp-content\/uploads\/2020\/07\/cropped-tableau-1.jpg","contentUrl":"https:\/\/democratie-au-coeur-de-psl.fr\/wp-content\/uploads\/2020\/07\/cropped-tableau-1.jpg","width":1920,"height":640,"caption":"D\u00e9mocratie et int\u00e9r\u00eat g\u00e9n\u00e9ral au c\u0153ur de PSL"},"image":{"@id":"https:\/\/democratie-au-coeur-de-psl.fr\/#\/schema\/logo\/image\/"},"sameAs":["https:\/\/x.com\/Syndic_CA_PSL"]},{"@type":"Person","@id":"https:\/\/democratie-au-coeur-de-psl.fr\/#\/schema\/person\/9ccbcd07fe679049395b52603d1da38d","name":"Vos \u00e9lu.es","image":{"@type":"ImageObject","inLanguage":"fr-FR","@id":"https:\/\/democratie-au-coeur-de-psl.fr\/#\/schema\/person\/image\/","url":"https:\/\/secure.gravatar.com\/avatar\/dd6661114b325758487974f0c7ba15b9?s=96&d=mm&r=g","contentUrl":"https:\/\/secure.gravatar.com\/avatar\/dd6661114b325758487974f0c7ba15b9?s=96&d=mm&r=g","caption":"Vos \u00e9lu.es"},"url":"https:\/\/democratie-au-coeur-de-psl.fr\/?author=4"}]}},"jetpack_sharing_enabled":true,"jetpack_featured_media_url":"","_links":{"self":[{"href":"https:\/\/democratie-au-coeur-de-psl.fr\/index.php?rest_route=\/wp\/v2\/posts\/1442"}],"collection":[{"href":"https:\/\/democratie-au-coeur-de-psl.fr\/index.php?rest_route=\/wp\/v2\/posts"}],"about":[{"href":"https:\/\/democratie-au-coeur-de-psl.fr\/index.php?rest_route=\/wp\/v2\/types\/post"}],"author":[{"embeddable":true,"href":"https:\/\/democratie-au-coeur-de-psl.fr\/index.php?rest_route=\/wp\/v2\/users\/4"}],"replies":[{"embeddable":true,"href":"https:\/\/democratie-au-coeur-de-psl.fr\/index.php?rest_route=%2Fwp%2Fv2%2Fcomments&post=1442"}],"version-history":[{"count":1,"href":"https:\/\/democratie-au-coeur-de-psl.fr\/index.php?rest_route=\/wp\/v2\/posts\/1442\/revisions"}],"predecessor-version":[{"id":1443,"href":"https:\/\/democratie-au-coeur-de-psl.fr\/index.php?rest_route=\/wp\/v2\/posts\/1442\/revisions\/1443"}],"wp:attachment":[{"href":"https:\/\/democratie-au-coeur-de-psl.fr\/index.php?rest_route=%2Fwp%2Fv2%2Fmedia&parent=1442"}],"wp:term":[{"taxonomy":"category","embeddable":true,"href":"https:\/\/democratie-au-coeur-de-psl.fr\/index.php?rest_route=%2Fwp%2Fv2%2Fcategories&post=1442"},{"taxonomy":"post_tag","embeddable":true,"href":"https:\/\/democratie-au-coeur-de-psl.fr\/index.php?rest_route=%2Fwp%2Fv2%2Ftags&post=1442"}],"curies":[{"name":"wp","href":"https:\/\/api.w.org\/{rel}","templated":true}]}}