{"id":1365,"date":"2025-02-03T13:47:47","date_gmt":"2025-02-03T12:47:47","guid":{"rendered":"https:\/\/democratie-au-coeur-de-psl.fr\/?p=1365"},"modified":"2025-11-05T15:27:42","modified_gmt":"2025-11-05T14:27:42","slug":"conseil-dadministration-du-17-decembre-2024","status":"publish","type":"post","link":"https:\/\/democratie-au-coeur-de-psl.fr\/?p=1365","title":{"rendered":"Conseil d\u2019administration du 17 d\u00e9cembre 2024"},"content":{"rendered":"\n<p>Un conseil d\u2019administration s\u2019est tenu le 17 d\u00e9cembre 2024. Dans l\u2019ordre du jour gigantesque, se trouvaient deux points capitaux pour le fonctionnement de ce mastodonte de l\u2019ESR \u00e9litiste fran\u00e7ais : l\u2019\u00e9lection de son nouveau pr\u00e9sident et le vote du budget.<\/p>\n\n\n\n<h2 class=\"wp-block-heading\">Un peu d\u2019animation bienvenue : bravo aux \u00e9tudiant\u00b7e\u00b7s de PSL<\/h2>\n\n\n\n<p>La m\u00e9canique bien huil\u00e9e (dans laquelle on essaie d\u2019\u00eatre de modestes grains de sable) de cette chambre d\u2019enregistrement des d\u00e9cisions du directoire qu\u2019est le CA fut stopp\u00e9e net en d\u00e9but de s\u00e9ance par l&rsquo;envahissement de la s\u00e9ance par un groupe d&rsquo;\u00e9tudiant\u00b7es soutien de la cause palestinienne et libyenne. Mobilis\u00e9 depuis plus d&rsquo;un an contre les massacres et aux horreurs commises par l\u2019\u00e9tat isra\u00e9lien, ce collectif militant agit \u00e0 l\u2019\u00e9chelle de PSL, et demande en autre, l\u2019arr\u00eat des accords acad\u00e9miques avec les universit\u00e9s isra\u00e9liennes complices du g\u00e9nocide en cours en Palestine (d\u2019autres collectifs existent aussi dans des \u00e9tablissements membres,<a href=\"https:\/\/www.liberation.fr\/societe\/education\/conference-sur-la-palestine-a-luniversite-dauphine-le-conseil-detat-rejette-la-demande-dinterdiction-de-la-direction-20240506_IIFBIOCLSFF4HO5B2GE2VYPE2I\/\"> comme \u00e0 Dauphine par exemple<\/a>).<\/p>\n\n\n\n<p>Ces \u00e9tudiant\u00b7e\u00b7s ont d\u00e9j\u00e0 obtenu une r\u00e9union avec le bureau du directoire pour demander d&rsquo;actions concr\u00e8tes face \u00e0 l\u2019horreur se d\u00e9roulant quotidiennement. Malheureusement, rien ne s\u2019est pass\u00e9 \u00e0 la suite de cette r\u00e9union. Ils et elles ont donc, \u00e0 raison, d\u00e9cid\u00e9 de venir occuper le CA pour exiger qu\u2019un point soit ajout\u00e9 \u00e0 l\u2019ordre du jour. Nous avons soutenu \u00e9videmment la demande. De nombreux\u00b7ses membres du CA se sont offusqu\u00e9\u00b7es des m\u00e9thodes, parlant m\u00eame de prise d\u2019otage&#8230; Ils et elles ont essay\u00e9 par tous les moyens \u00ab r\u00e9glementaires \u00bb de montrer que c\u2019est parce que les \u00e9tudiant\u00b7e\u00b7s n\u2019ont pas suivi les d\u00e9marches que le point n\u2019a pas pu \u00eatre ajout\u00e9 \u00e0 l\u2019ordre du jour, esquivant par la m\u00eame toute responsabilit\u00e9 et prise de position.<\/p>\n\n\n\n<p>Notons au passage que, comme il nous a aussi \u00e9t\u00e9 dit \u00e0 Dauphine, la dissym\u00e9trie entre le traitement de la guerre et Ukraine et la guerre en Palestine s\u2019explique tr\u00e8s simplement : pour l\u2019arr\u00eat de tout accord accad\u00e9mique avec la Russie, cela a \u00e9t\u00e9 imm\u00e9diat car c\u2019\u00e9tait une directive du minist\u00e8re. Pour Isra\u00ebl, il n\u2019en pas. Les \u00e9tablissements de PSL auraient pu prendre l&rsquo;initiative mais cela n&rsquo;a pas \u00e9t\u00e9 fait&#8230;<\/p>\n\n\n\n<p>Face \u00e0 cette occupation, il a \u00e9t\u00e9 convenu de mettre \u00e0 l\u2019ordre du jour du prochain CA de janvier la question des partenariats avec les universit\u00e9s isra\u00e9liennes ainsi que les actions concr\u00e8tes de solidarit\u00e9 avec les peuples palestinien et libyen. Pour cela, nous avons insist\u00e9 sur la demande des \u00e9tudiant\u00b7e\u00b7s d\u2019obtenir la liste des partenariats acad\u00e9miques avec les universit\u00e9 isra\u00e9liennes pour tous les \u00e9tablissements de PSL (obligation l\u00e9gale de la fournir). Des \u00e9changes entre les \u00e9tablissements, l&rsquo;administration et les \u00e9lu.es doivent avoir lieu en amont pour centraliser les informations et permettre un d\u00e9bat argument\u00e9.<\/p>\n\n\n\n<h2 class=\"wp-block-heading\">\u00ab \u00c9lection \u00bb du pr\u00e9sident<\/h2>\n\n\n\n<p>El Mouhoub Mouhoud, pr\u00e9sident par int\u00e9rim depuis le d\u00e9part d&rsquo;Alain Fuchs, a \u00e9t\u00e9 pr\u00e9sent\u00e9 comme unique candidat d\u2019un processus \u00e9lectoral compl\u00e8tement d\u00e9lirant. Ce processus est l\u2019illustration parfaite de la couche technocratique et antid\u00e9mocratique qu\u2019est PSL.<\/p>\n\n\n\n<p>Tout d\u2019abord un \u00ab search comitee \u00bb avec des membres \u00ab experts \u00bb ext\u00e9rieurs a \u00ab cherch\u00e9 \u00bb des candidat\u00b7e\u00b7s qu\u2019il a propos\u00e9 au comit\u00e9 \u00e9lectoral (compos\u00e9 de quelques membres du CA, professeur ou membre du directoire, toujours avec les \u00e9lus minoritaires \u00e9videmment), qui, enfin, a donn\u00e9 un nom (ou plusieurs noms, nous ne le saurons jamais) au directoire. Celui-ci a alors \u00ab \u00e9tudi\u00e9 \u00bb la candidature et l\u2019a vot\u00e9. Il l\u2019a alors soumis au CA pour faire enregistrer sa d\u00e9cision. Rappelons que les \u00e9lu\u00b7e\u00b7s au CA sont minoritaires, et que le directoire, et ses personnalit\u00e9s ext\u00e9rieures affili\u00e9es, a la majorit\u00e9 absolue. Bref, une mascarade pseudo d\u00e9mocratique : le pr\u00e9sident n\u2019est m\u00eame pas l\u2019\u00e9manation du CA pour lequel de nouvelles \u00e9lections vont avoir lieu d\u00e9but 2025&#8230;<\/p>\n\n\n\n<p>Nous avons tout de m\u00eame profit\u00e9 de la pr\u00e9sentation de El Mouhoub Mouhoud pour faire quelques commentaires et lui poser quelques questions.<\/p>\n\n\n\n<p>Son \u00ab programme \u00bb de 6 pages s&rsquo;inscrit dans la droite ligne de ce qui a \u00e9t\u00e9 entrepris sous la derni\u00e8re mandature. C&rsquo;est un projet d&rsquo;approfondissement de ce qui a \u00e9t\u00e9 fait par la pr\u00e9c\u00e9dente pr\u00e9sidence.\u00a0<\/p>\n\n\n\n<p>Nous avons retrouv\u00e9, dans son discours et dans les \u00e9crits accompagnant la candidature, le discours \u00e9litiste de l&rsquo;excellence qui caract\u00e9rise la d\u00e9marche de diff\u00e9renciation au sein de l&rsquo;ESR propre aux \u00e9tablissements membres de PSL et plus g\u00e9n\u00e9ralement de l&rsquo;UDICE. On comprend ainsi pourquoi on retrouve dans ce programme 16 occurrence du terme \u00ab excellence \u00bb et\u00a0<strong>aucune occurrence du terme \u00ab service public<\/strong> \u00bb.<\/p>\n\n\n\n<p>Nous avons aussi \u00e9t\u00e9 tr\u00e8s surpris que rien ne traite d\u2019environnement, et de l\u2019urgence climatique. Il semble faire comme si l&rsquo;universit\u00e9 n&rsquo;avait pas \u00e0 int\u00e9rioriser la contrainte environnementale, que ce soit au niveau\u00a0du si\u00e8ge ou des \u00e9tablissements,\u00a0comme si l&rsquo;universit\u00e9 n&rsquo;avait pas \u00e0 penser ses pratiques \u00e0 l&rsquo;aune de cette crise. Est-ce que la recherche peut continuer \u00e0 agir comme si de rien n&rsquo;\u00e9tait&#8230; Cela illustre un sens tr\u00e8s singulier de la responsabilit\u00e9\u00a0que doit endosser le pr\u00e9sident de PSL.\u00a0El Mouhoub Mouhoud a r\u00e9pondu que son bilan \u00e0 Dauphine parle de lui m\u00eame&#8230;<\/p>\n\n\n\n<p>Dans le programme du pr\u00e9sident, il y avait un axe tr\u00e8s important d\u2019internationnalisation de PSL. Nous lui avons demand\u00e9 s\u2019il avait fait un calcul du co\u00fbt \u00e9cologique d\u2019une telle politique, ce qu\u2019il n\u2019a \u00e9videmment pas fait. <\/p>\n\n\n\n<p>Son programme a mis l\u2019accent sur un pseudo-nouveau mod\u00e8le de gouvernance, avec une volont\u00e9 de renforcer le r\u00f4le coordinateur du bureau et le r\u00f4le du S\u00e9nat sur les questions strat\u00e9giques. Sur ces m\u00eames questions strat\u00e9giques il est mentionn\u00e9 autre part le r\u00f4le du directoire. \u00c9videmment, \u00e0 aucun moment il est fait mention du Conseil d&rsquo;administration comme une instance qui pourrait participer \u00e0 am\u00e9liorer la coll\u00e9gialit\u00e9 de notre institution. El Mouhoub Mouhoud a r\u00e9pondu qu\u2019\u00e9videmment qu\u2019il fallait plus impliqu\u00e9 le CA que par le pass\u00e9.<\/p>\n\n\n\n<p>Dans son programme, comme nous l\u2019avons dit, le concept d\u00e9fini en creux de l\u2019excellence est central. Cela se retrouve dans la volont\u00e9 de cr\u00e9er des dispositifs internes d&rsquo;excellence type \u00ab IUF \u00bb ou de renforcer l&rsquo;attractivit\u00e9 des chercheur\/ses excellent\u00b7e\u00b7s internationaux comme la volont\u00e9 de mettre en place des statuts de professeur\u00b7e\u00b7s attach\u00e9\u00b7e\u00b7s. Dans tout ceci, il ne s&rsquo;agit pas de cr\u00e9er les conditions d&rsquo;une am\u00e9lioration des conditions de travail pour les moins bien loti mais de cr\u00e9er les conditions d&rsquo;institutionnalisation d&rsquo;une caste au dessus de la m\u00eal\u00e9e. Pour les personnels hors EC et C, notamment les BIATSS, en revanche, aucun mot&#8230;<\/p>\n\n\n\n<p>Dans la discussion, le pr\u00e9sident a beaucoup insist\u00e9 sur le fait que PSL devait permettre une \u00ab innovation discruptives \u00bb, et qu\u2019il fallait permettre la recherche risqu\u00e9e, notamment gr\u00e2ce aux financements sur projets. Nous sommes intervenus pour dire que justement, les appels \u00e0 projets avaient sans doute plus le r\u00f4le d\u2019orientation de la recherche dans ce qui semble dans l&rsquo;\u00ab air du temps  \u00bb, et donc, qu\u2019en plus de produire de la recherche court-termiste, cela cr\u00e9ait de la conformit\u00e9.<\/p>\n\n\n\n<p>L\u2019\u00e9lection du pr\u00e9sident par int\u00e9rim s\u2019est fait au lendemain des scores effrayants du Front National aux \u00e9lections l\u00e9gislatives. Nous \u00e9tions d\u00e9j\u00e0 intervenus sur cette question \u00e0 ce moment-l\u00e0, et nous avons r\u00e9it\u00e9r\u00e9 nos commentaires et questionnements. La mont\u00e9e des id\u00e9es r\u00e9actionnaires et de l\u2019obscurantisme est extr\u00eamement pr\u00e9occupant. La libert\u00e9 acad\u00e9mique est attaqu\u00e9e, les chercheurs\/ses sont attaqu\u00e9\u00b7es dans leurs prises de parole (avec la chasse au wokisme, etc.). L\u2019universit\u00e9 doit \u00eatre un lieu de d\u00e9bat, de contradiction, et d\u2019\u00e9laboration, et au train ou va la soci\u00e9t\u00e9, la r\u00e9sistance va \u00eatre rude. Sur ce point, El Mouhoub Mouhoud a r\u00e9pondu que le r\u00f4le de l&rsquo;universit\u00e9, c&rsquo;est d&rsquo;alimenter la soci\u00e9t\u00e9 par la recherche et que la recherche participe \u00e0 la lutte contre le complotisme.\u00a0CQFD.<\/p>\n\n\n\n<p>Nous n\u2019avons pas occup\u00e9 plus l\u2019espace en CA (sans nous, ce CA serait bien morne&#8230;). Nous vous renvoyons \u00e0 son \u00abprogramme\u00bb pour plus de d\u00e9tails. Relevons quelques p\u00e9pites n\u00e9olib\u00e9rales tout de m\u00eame : un statut \u00e9tudiant \u00ab change maker \u00bb, le d\u00e9veloppement des \u00ab marques de PSL \u00bb, \u00ab top 10 mondial \u00bb, etc.<\/p>\n\n\n\n<p>Il faudrait faire un commentaire point par point de son programme, et nous avons beaucoup de choses \u00e0 dire, cependant, contrairement aux professionnels de la gouvernance qui nous dirigent, le travail d\u2019\u00e9lus est en plus de nos activit\u00e9s principal de support, d\u2019administration, d\u2019enseignement et de recherche, et le temps nous manque.  <\/p>\n\n\n\n<h3 class=\"wp-block-heading\">Votes<\/h3>\n\n\n\n<p>Pour cette fois, nous avons expliqu\u00e9 que comme c\u2019est une mascarade \u00e9lectorale, que le CA est une chambre d\u2019enregistrement, que le processus de d\u00e9cision est obscure, que nous n\u2019avons pas \u00e9t\u00e9 impliqu\u00e9s dans le processus et, qu\u2019in fine, le r\u00f4le de n\u2019importe quel pr\u00e9sident de PSL est de faire fonctionner une couche technocratique, \u00e9litiste, antid\u00e9mocratique et n\u00e9olib\u00e9rale, nous n\u2019allions pas prendre par au vote. <strong>Ce pour cela qu\u2019il n\u2019y a qu\u2019un vote contre, et pas nos 5 traditionnels votes contre. <\/strong><\/p>\n\n\n\n<h2 class=\"wp-block-heading\">Vote du budget<\/h2>\n\n\n\n<h2 class=\"wp-block-heading\">\u00abConsultation \u00e9lectronique\u00bb pour le reste de l\u2019ODJ<\/h2>\n\n\n\n<p>Comme \u00e0 17h le CA a \u00e9t\u00e9 ajourn\u00e9, le reste des points \u00e0 l\u2019odre du jour ont \u00e9t\u00e9 soumis sous forme de consultation \u00e9lectronique \u00e0 faire dans la journ\u00e9e du 18&#8230; Au moins, il n\u2019y a plus de faux semblants de discussion, de collectif d\u00e9lib\u00e9ratif, on enregistre, c\u2019est tout&#8230; <\/p>\n","protected":false},"excerpt":{"rendered":"<p>Un conseil d\u2019administration s\u2019est tenu le 17 d\u00e9cembre 2024. Dans l\u2019ordre du jour gigantesque, se trouvaient deux points capitaux pour le fonctionnement de ce mastodonte de l\u2019ESR \u00e9litiste fran\u00e7ais : l\u2019\u00e9lection de son nouveau pr\u00e9sident et le vote du budget. Un peu d\u2019animation bienvenue : bravo aux \u00e9tudiant\u00b7e\u00b7s de PSL La m\u00e9canique bien huil\u00e9e (dans &hellip;<\/p>\n<p class=\"read-more\"> <a class=\"\" href=\"https:\/\/democratie-au-coeur-de-psl.fr\/?p=1365\"> <span class=\"screen-reader-text\">Conseil d\u2019administration du 17 d\u00e9cembre 2024<\/span> Lire la suite\u00a0\u00bb<\/a><\/p>\n","protected":false},"author":2,"featured_media":1434,"comment_status":"closed","ping_status":"closed","sticky":false,"template":"","format":"standard","meta":{"_jetpack_memberships_contains_paid_content":false,"footnotes":""},"categories":[3],"tags":[],"yoast_head":"<!-- This site is optimized with the Yoast SEO plugin v22.9 - https:\/\/yoast.com\/wordpress\/plugins\/seo\/ -->\n<title>Conseil d\u2019administration du 17 d\u00e9cembre 2024 - D\u00e9mocratie et int\u00e9r\u00eat g\u00e9n\u00e9ral au c\u0153ur de PSL<\/title>\n<meta name=\"robots\" content=\"index, follow, max-snippet:-1, max-image-preview:large, max-video-preview:-1\" \/>\n<link rel=\"canonical\" href=\"https:\/\/democratie-au-coeur-de-psl.fr\/?p=1365\" \/>\n<meta property=\"og:locale\" content=\"fr_FR\" \/>\n<meta property=\"og:type\" content=\"article\" \/>\n<meta property=\"og:title\" content=\"Conseil d\u2019administration du 17 d\u00e9cembre 2024 - D\u00e9mocratie et int\u00e9r\u00eat g\u00e9n\u00e9ral au c\u0153ur de PSL\" \/>\n<meta property=\"og:description\" content=\"Un conseil d\u2019administration s\u2019est tenu le 17 d\u00e9cembre 2024. Dans l\u2019ordre du jour gigantesque, se trouvaient deux points capitaux pour le fonctionnement de ce mastodonte de l\u2019ESR \u00e9litiste fran\u00e7ais : l\u2019\u00e9lection de son nouveau pr\u00e9sident et le vote du budget. Un peu d\u2019animation bienvenue : bravo aux \u00e9tudiant\u00b7e\u00b7s de PSL La m\u00e9canique bien huil\u00e9e (dans &hellip; Conseil d\u2019administration du 17 d\u00e9cembre 2024 Lire la suite\u00a0\u00bb\" \/>\n<meta property=\"og:url\" content=\"https:\/\/democratie-au-coeur-de-psl.fr\/?p=1365\" \/>\n<meta property=\"og:site_name\" content=\"D\u00e9mocratie et int\u00e9r\u00eat g\u00e9n\u00e9ral au c\u0153ur de PSL\" \/>\n<meta property=\"article:published_time\" content=\"2025-02-03T12:47:47+00:00\" \/>\n<meta property=\"article:modified_time\" content=\"2025-11-05T14:27:42+00:00\" \/>\n<meta property=\"og:image\" content=\"http:\/\/democratie-au-coeur-de-psl.fr\/wp-content\/uploads\/2025\/10\/2017-07-28-08-14-48-scaled.jpg\" \/>\n\t<meta property=\"og:image:width\" content=\"2560\" \/>\n\t<meta property=\"og:image:height\" content=\"1202\" \/>\n\t<meta property=\"og:image:type\" content=\"image\/jpeg\" \/>\n<meta name=\"author\" content=\"Vos \u00e9lu.es\" \/>\n<meta name=\"twitter:card\" content=\"summary_large_image\" \/>\n<meta name=\"twitter:creator\" content=\"@Syndic_CA_PSL\" \/>\n<meta name=\"twitter:site\" content=\"@Syndic_CA_PSL\" \/>\n<meta name=\"twitter:label1\" content=\"\u00c9crit par\" \/>\n\t<meta name=\"twitter:data1\" content=\"Vos \u00e9lu.es\" \/>\n\t<meta name=\"twitter:label2\" content=\"Dur\u00e9e de lecture estim\u00e9e\" \/>\n\t<meta name=\"twitter:data2\" content=\"8 minutes\" \/>\n<script type=\"application\/ld+json\" class=\"yoast-schema-graph\">{\"@context\":\"https:\/\/schema.org\",\"@graph\":[{\"@type\":\"Article\",\"@id\":\"https:\/\/democratie-au-coeur-de-psl.fr\/?p=1365#article\",\"isPartOf\":{\"@id\":\"https:\/\/democratie-au-coeur-de-psl.fr\/?p=1365\"},\"author\":{\"name\":\"Vos \u00e9lu.es\",\"@id\":\"https:\/\/democratie-au-coeur-de-psl.fr\/#\/schema\/person\/94958bdb1b80009262db6fc1e2df1838\"},\"headline\":\"Conseil d\u2019administration du 17 d\u00e9cembre 2024\",\"datePublished\":\"2025-02-03T12:47:47+00:00\",\"dateModified\":\"2025-11-05T14:27:42+00:00\",\"mainEntityOfPage\":{\"@id\":\"https:\/\/democratie-au-coeur-de-psl.fr\/?p=1365\"},\"wordCount\":1670,\"publisher\":{\"@id\":\"https:\/\/democratie-au-coeur-de-psl.fr\/#organization\"},\"image\":{\"@id\":\"https:\/\/democratie-au-coeur-de-psl.fr\/?p=1365#primaryimage\"},\"thumbnailUrl\":\"https:\/\/democratie-au-coeur-de-psl.fr\/wp-content\/uploads\/2025\/10\/2017-07-28-08-14-48-scaled.jpg\",\"articleSection\":[\"Compte-rendu\"],\"inLanguage\":\"fr-FR\"},{\"@type\":\"WebPage\",\"@id\":\"https:\/\/democratie-au-coeur-de-psl.fr\/?p=1365\",\"url\":\"https:\/\/democratie-au-coeur-de-psl.fr\/?p=1365\",\"name\":\"Conseil d\u2019administration du 17 d\u00e9cembre 2024 - D\u00e9mocratie et int\u00e9r\u00eat g\u00e9n\u00e9ral au c\u0153ur de PSL\",\"isPartOf\":{\"@id\":\"https:\/\/democratie-au-coeur-de-psl.fr\/#website\"},\"primaryImageOfPage\":{\"@id\":\"https:\/\/democratie-au-coeur-de-psl.fr\/?p=1365#primaryimage\"},\"image\":{\"@id\":\"https:\/\/democratie-au-coeur-de-psl.fr\/?p=1365#primaryimage\"},\"thumbnailUrl\":\"https:\/\/democratie-au-coeur-de-psl.fr\/wp-content\/uploads\/2025\/10\/2017-07-28-08-14-48-scaled.jpg\",\"datePublished\":\"2025-02-03T12:47:47+00:00\",\"dateModified\":\"2025-11-05T14:27:42+00:00\",\"breadcrumb\":{\"@id\":\"https:\/\/democratie-au-coeur-de-psl.fr\/?p=1365#breadcrumb\"},\"inLanguage\":\"fr-FR\",\"potentialAction\":[{\"@type\":\"ReadAction\",\"target\":[\"https:\/\/democratie-au-coeur-de-psl.fr\/?p=1365\"]}]},{\"@type\":\"ImageObject\",\"inLanguage\":\"fr-FR\",\"@id\":\"https:\/\/democratie-au-coeur-de-psl.fr\/?p=1365#primaryimage\",\"url\":\"https:\/\/democratie-au-coeur-de-psl.fr\/wp-content\/uploads\/2025\/10\/2017-07-28-08-14-48-scaled.jpg\",\"contentUrl\":\"https:\/\/democratie-au-coeur-de-psl.fr\/wp-content\/uploads\/2025\/10\/2017-07-28-08-14-48-scaled.jpg\",\"width\":2560,\"height\":1202,\"caption\":\"typing, old, typewriter, black, white\"},{\"@type\":\"BreadcrumbList\",\"@id\":\"https:\/\/democratie-au-coeur-de-psl.fr\/?p=1365#breadcrumb\",\"itemListElement\":[{\"@type\":\"ListItem\",\"position\":1,\"name\":\"Accueil\",\"item\":\"https:\/\/democratie-au-coeur-de-psl.fr\/\"},{\"@type\":\"ListItem\",\"position\":2,\"name\":\"Conseil d\u2019administration du 17 d\u00e9cembre 2024\"}]},{\"@type\":\"WebSite\",\"@id\":\"https:\/\/democratie-au-coeur-de-psl.fr\/#website\",\"url\":\"https:\/\/democratie-au-coeur-de-psl.fr\/\",\"name\":\"D\u00e9mocratie et int\u00e9r\u00eat g\u00e9n\u00e9ral au c\u0153ur de PSL\",\"description\":\"Listes soutenues par la CGT au CA de PSL\",\"publisher\":{\"@id\":\"https:\/\/democratie-au-coeur-de-psl.fr\/#organization\"},\"potentialAction\":[{\"@type\":\"SearchAction\",\"target\":{\"@type\":\"EntryPoint\",\"urlTemplate\":\"https:\/\/democratie-au-coeur-de-psl.fr\/?s={search_term_string}\"},\"query-input\":\"required name=search_term_string\"}],\"inLanguage\":\"fr-FR\"},{\"@type\":\"Organization\",\"@id\":\"https:\/\/democratie-au-coeur-de-psl.fr\/#organization\",\"name\":\"D\u00e9mocratie et int\u00e9r\u00eat g\u00e9n\u00e9ral au c\u0153ur de PSL\",\"url\":\"https:\/\/democratie-au-coeur-de-psl.fr\/\",\"logo\":{\"@type\":\"ImageObject\",\"inLanguage\":\"fr-FR\",\"@id\":\"https:\/\/democratie-au-coeur-de-psl.fr\/#\/schema\/logo\/image\/\",\"url\":\"https:\/\/democratie-au-coeur-de-psl.fr\/wp-content\/uploads\/2020\/07\/cropped-tableau-1.jpg\",\"contentUrl\":\"https:\/\/democratie-au-coeur-de-psl.fr\/wp-content\/uploads\/2020\/07\/cropped-tableau-1.jpg\",\"width\":1920,\"height\":640,\"caption\":\"D\u00e9mocratie et int\u00e9r\u00eat g\u00e9n\u00e9ral au c\u0153ur de PSL\"},\"image\":{\"@id\":\"https:\/\/democratie-au-coeur-de-psl.fr\/#\/schema\/logo\/image\/\"},\"sameAs\":[\"https:\/\/x.com\/Syndic_CA_PSL\"]},{\"@type\":\"Person\",\"@id\":\"https:\/\/democratie-au-coeur-de-psl.fr\/#\/schema\/person\/94958bdb1b80009262db6fc1e2df1838\",\"name\":\"Vos \u00e9lu.es\",\"image\":{\"@type\":\"ImageObject\",\"inLanguage\":\"fr-FR\",\"@id\":\"https:\/\/democratie-au-coeur-de-psl.fr\/#\/schema\/person\/image\/\",\"url\":\"https:\/\/secure.gravatar.com\/avatar\/4b1529e76fe9f2bba4337d161a6e4f8a?s=96&d=mm&r=g\",\"contentUrl\":\"https:\/\/secure.gravatar.com\/avatar\/4b1529e76fe9f2bba4337d161a6e4f8a?s=96&d=mm&r=g\",\"caption\":\"Vos \u00e9lu.es\"},\"url\":\"https:\/\/democratie-au-coeur-de-psl.fr\/?author=2\"}]}<\/script>\n<!-- \/ Yoast SEO plugin. -->","yoast_head_json":{"title":"Conseil d\u2019administration du 17 d\u00e9cembre 2024 - D\u00e9mocratie et int\u00e9r\u00eat g\u00e9n\u00e9ral au c\u0153ur de PSL","robots":{"index":"index","follow":"follow","max-snippet":"max-snippet:-1","max-image-preview":"max-image-preview:large","max-video-preview":"max-video-preview:-1"},"canonical":"https:\/\/democratie-au-coeur-de-psl.fr\/?p=1365","og_locale":"fr_FR","og_type":"article","og_title":"Conseil d\u2019administration du 17 d\u00e9cembre 2024 - D\u00e9mocratie et int\u00e9r\u00eat g\u00e9n\u00e9ral au c\u0153ur de PSL","og_description":"Un conseil d\u2019administration s\u2019est tenu le 17 d\u00e9cembre 2024. Dans l\u2019ordre du jour gigantesque, se trouvaient deux points capitaux pour le fonctionnement de ce mastodonte de l\u2019ESR \u00e9litiste fran\u00e7ais : l\u2019\u00e9lection de son nouveau pr\u00e9sident et le vote du budget. Un peu d\u2019animation bienvenue : bravo aux \u00e9tudiant\u00b7e\u00b7s de PSL La m\u00e9canique bien huil\u00e9e (dans &hellip; Conseil d\u2019administration du 17 d\u00e9cembre 2024 Lire la suite\u00a0\u00bb","og_url":"https:\/\/democratie-au-coeur-de-psl.fr\/?p=1365","og_site_name":"D\u00e9mocratie et int\u00e9r\u00eat g\u00e9n\u00e9ral au c\u0153ur de PSL","article_published_time":"2025-02-03T12:47:47+00:00","article_modified_time":"2025-11-05T14:27:42+00:00","og_image":[{"width":2560,"height":1202,"url":"http:\/\/democratie-au-coeur-de-psl.fr\/wp-content\/uploads\/2025\/10\/2017-07-28-08-14-48-scaled.jpg","type":"image\/jpeg"}],"author":"Vos \u00e9lu.es","twitter_card":"summary_large_image","twitter_creator":"@Syndic_CA_PSL","twitter_site":"@Syndic_CA_PSL","twitter_misc":{"\u00c9crit par":"Vos \u00e9lu.es","Dur\u00e9e de lecture estim\u00e9e":"8 minutes"},"schema":{"@context":"https:\/\/schema.org","@graph":[{"@type":"Article","@id":"https:\/\/democratie-au-coeur-de-psl.fr\/?p=1365#article","isPartOf":{"@id":"https:\/\/democratie-au-coeur-de-psl.fr\/?p=1365"},"author":{"name":"Vos \u00e9lu.es","@id":"https:\/\/democratie-au-coeur-de-psl.fr\/#\/schema\/person\/94958bdb1b80009262db6fc1e2df1838"},"headline":"Conseil d\u2019administration du 17 d\u00e9cembre 2024","datePublished":"2025-02-03T12:47:47+00:00","dateModified":"2025-11-05T14:27:42+00:00","mainEntityOfPage":{"@id":"https:\/\/democratie-au-coeur-de-psl.fr\/?p=1365"},"wordCount":1670,"publisher":{"@id":"https:\/\/democratie-au-coeur-de-psl.fr\/#organization"},"image":{"@id":"https:\/\/democratie-au-coeur-de-psl.fr\/?p=1365#primaryimage"},"thumbnailUrl":"https:\/\/democratie-au-coeur-de-psl.fr\/wp-content\/uploads\/2025\/10\/2017-07-28-08-14-48-scaled.jpg","articleSection":["Compte-rendu"],"inLanguage":"fr-FR"},{"@type":"WebPage","@id":"https:\/\/democratie-au-coeur-de-psl.fr\/?p=1365","url":"https:\/\/democratie-au-coeur-de-psl.fr\/?p=1365","name":"Conseil d\u2019administration du 17 d\u00e9cembre 2024 - D\u00e9mocratie et int\u00e9r\u00eat g\u00e9n\u00e9ral au c\u0153ur de PSL","isPartOf":{"@id":"https:\/\/democratie-au-coeur-de-psl.fr\/#website"},"primaryImageOfPage":{"@id":"https:\/\/democratie-au-coeur-de-psl.fr\/?p=1365#primaryimage"},"image":{"@id":"https:\/\/democratie-au-coeur-de-psl.fr\/?p=1365#primaryimage"},"thumbnailUrl":"https:\/\/democratie-au-coeur-de-psl.fr\/wp-content\/uploads\/2025\/10\/2017-07-28-08-14-48-scaled.jpg","datePublished":"2025-02-03T12:47:47+00:00","dateModified":"2025-11-05T14:27:42+00:00","breadcrumb":{"@id":"https:\/\/democratie-au-coeur-de-psl.fr\/?p=1365#breadcrumb"},"inLanguage":"fr-FR","potentialAction":[{"@type":"ReadAction","target":["https:\/\/democratie-au-coeur-de-psl.fr\/?p=1365"]}]},{"@type":"ImageObject","inLanguage":"fr-FR","@id":"https:\/\/democratie-au-coeur-de-psl.fr\/?p=1365#primaryimage","url":"https:\/\/democratie-au-coeur-de-psl.fr\/wp-content\/uploads\/2025\/10\/2017-07-28-08-14-48-scaled.jpg","contentUrl":"https:\/\/democratie-au-coeur-de-psl.fr\/wp-content\/uploads\/2025\/10\/2017-07-28-08-14-48-scaled.jpg","width":2560,"height":1202,"caption":"typing, old, typewriter, black, white"},{"@type":"BreadcrumbList","@id":"https:\/\/democratie-au-coeur-de-psl.fr\/?p=1365#breadcrumb","itemListElement":[{"@type":"ListItem","position":1,"name":"Accueil","item":"https:\/\/democratie-au-coeur-de-psl.fr\/"},{"@type":"ListItem","position":2,"name":"Conseil d\u2019administration du 17 d\u00e9cembre 2024"}]},{"@type":"WebSite","@id":"https:\/\/democratie-au-coeur-de-psl.fr\/#website","url":"https:\/\/democratie-au-coeur-de-psl.fr\/","name":"D\u00e9mocratie et int\u00e9r\u00eat g\u00e9n\u00e9ral au c\u0153ur de PSL","description":"Listes soutenues par la CGT au CA de PSL","publisher":{"@id":"https:\/\/democratie-au-coeur-de-psl.fr\/#organization"},"potentialAction":[{"@type":"SearchAction","target":{"@type":"EntryPoint","urlTemplate":"https:\/\/democratie-au-coeur-de-psl.fr\/?s={search_term_string}"},"query-input":"required name=search_term_string"}],"inLanguage":"fr-FR"},{"@type":"Organization","@id":"https:\/\/democratie-au-coeur-de-psl.fr\/#organization","name":"D\u00e9mocratie et int\u00e9r\u00eat g\u00e9n\u00e9ral au c\u0153ur de PSL","url":"https:\/\/democratie-au-coeur-de-psl.fr\/","logo":{"@type":"ImageObject","inLanguage":"fr-FR","@id":"https:\/\/democratie-au-coeur-de-psl.fr\/#\/schema\/logo\/image\/","url":"https:\/\/democratie-au-coeur-de-psl.fr\/wp-content\/uploads\/2020\/07\/cropped-tableau-1.jpg","contentUrl":"https:\/\/democratie-au-coeur-de-psl.fr\/wp-content\/uploads\/2020\/07\/cropped-tableau-1.jpg","width":1920,"height":640,"caption":"D\u00e9mocratie et int\u00e9r\u00eat g\u00e9n\u00e9ral au c\u0153ur de PSL"},"image":{"@id":"https:\/\/democratie-au-coeur-de-psl.fr\/#\/schema\/logo\/image\/"},"sameAs":["https:\/\/x.com\/Syndic_CA_PSL"]},{"@type":"Person","@id":"https:\/\/democratie-au-coeur-de-psl.fr\/#\/schema\/person\/94958bdb1b80009262db6fc1e2df1838","name":"Vos \u00e9lu.es","image":{"@type":"ImageObject","inLanguage":"fr-FR","@id":"https:\/\/democratie-au-coeur-de-psl.fr\/#\/schema\/person\/image\/","url":"https:\/\/secure.gravatar.com\/avatar\/4b1529e76fe9f2bba4337d161a6e4f8a?s=96&d=mm&r=g","contentUrl":"https:\/\/secure.gravatar.com\/avatar\/4b1529e76fe9f2bba4337d161a6e4f8a?s=96&d=mm&r=g","caption":"Vos \u00e9lu.es"},"url":"https:\/\/democratie-au-coeur-de-psl.fr\/?author=2"}]}},"jetpack_sharing_enabled":true,"jetpack_featured_media_url":"https:\/\/democratie-au-coeur-de-psl.fr\/wp-content\/uploads\/2025\/10\/2017-07-28-08-14-48-scaled.jpg","_links":{"self":[{"href":"https:\/\/democratie-au-coeur-de-psl.fr\/index.php?rest_route=\/wp\/v2\/posts\/1365"}],"collection":[{"href":"https:\/\/democratie-au-coeur-de-psl.fr\/index.php?rest_route=\/wp\/v2\/posts"}],"about":[{"href":"https:\/\/democratie-au-coeur-de-psl.fr\/index.php?rest_route=\/wp\/v2\/types\/post"}],"author":[{"embeddable":true,"href":"https:\/\/democratie-au-coeur-de-psl.fr\/index.php?rest_route=\/wp\/v2\/users\/2"}],"replies":[{"embeddable":true,"href":"https:\/\/democratie-au-coeur-de-psl.fr\/index.php?rest_route=%2Fwp%2Fv2%2Fcomments&post=1365"}],"version-history":[{"count":6,"href":"https:\/\/democratie-au-coeur-de-psl.fr\/index.php?rest_route=\/wp\/v2\/posts\/1365\/revisions"}],"predecessor-version":[{"id":1377,"href":"https:\/\/democratie-au-coeur-de-psl.fr\/index.php?rest_route=\/wp\/v2\/posts\/1365\/revisions\/1377"}],"wp:featuredmedia":[{"embeddable":true,"href":"https:\/\/democratie-au-coeur-de-psl.fr\/index.php?rest_route=\/wp\/v2\/media\/1434"}],"wp:attachment":[{"href":"https:\/\/democratie-au-coeur-de-psl.fr\/index.php?rest_route=%2Fwp%2Fv2%2Fmedia&parent=1365"}],"wp:term":[{"taxonomy":"category","embeddable":true,"href":"https:\/\/democratie-au-coeur-de-psl.fr\/index.php?rest_route=%2Fwp%2Fv2%2Fcategories&post=1365"},{"taxonomy":"post_tag","embeddable":true,"href":"https:\/\/democratie-au-coeur-de-psl.fr\/index.php?rest_route=%2Fwp%2Fv2%2Ftags&post=1365"}],"curies":[{"name":"wp","href":"https:\/\/api.w.org\/{rel}","templated":true}]}}