{"id":1298,"date":"2023-09-18T18:10:06","date_gmt":"2023-09-18T16:10:06","guid":{"rendered":"http:\/\/democratie-au-coeur-de-psl.fr\/?p=1298"},"modified":"2023-09-18T18:10:07","modified_gmt":"2023-09-18T16:10:07","slug":"compte-rendu-du-ca-du-8-juin-2023","status":"publish","type":"post","link":"https:\/\/democratie-au-coeur-de-psl.fr\/?p=1298","title":{"rendered":"Compte-rendu du CA du 8 juin 2023"},"content":{"rendered":"\n<p>Une r\u00e9union marqu\u00e9e encore une fois par l&rsquo;inutilit\u00e9 de la repr\u00e9sentation des personnels puisque tout se d\u00e9cide en directoire qui, avec ses alli\u00e9\u00b7es \u00e9lu\u00b7es au CA, dispose d&rsquo;une large majorit\u00e9. <\/p>\n\n\n\n<p>Nous souhaitons ici faire une mention sp\u00e9ciale aux \u00e9lu\u00b7es \u00e9tudiant\u00b7es, particuli\u00e8rement Oc\u00e9ane et Luc, qui avaient pr\u00e9par\u00e9 soigneusement cette r\u00e9union de CA et ont \u00e9t\u00e9 tr\u00e8s actif\u00b7ves pendant les discussions. Comme \u00e0 chaque fois qu&rsquo;on n&rsquo;est pas d&rsquo;accord avec lui, Alain Fuchs a tenu des comportements fort peu \u00e9l\u00e9gants : regarder ses SMS pendant les questions, soupirer d&rsquo;exasp\u00e9ration prendre l&rsquo;air sup\u00e9rieur de celui qui explique les choses aux mal-comprenants ! Autant d&rsquo;illustration du statut qu&rsquo;il attribue \u00e0 notre coll\u00e8gue d&rsquo;\u00e9lu\u00b7es au sein de cette instance. <\/p>\n\n\n\n<p>Et on a commenc\u00e9 tr\u00e8s fort : en r\u00e9union pr\u00e9paratoire, les repr\u00e9sentant\u00b7es \u00e9tudiant\u00b7es avaient demand\u00e9 que l&rsquo;un d&rsquo;entre eux\/elle puisse si\u00e9ger au comit\u00e9 des r\u00e9mun\u00e9rations et d&#8217;embl\u00e9e, il a \u00e9t\u00e9 annonc\u00e9 que le directoire ne souhaitait pas que cette repr\u00e9sentation soit ajout\u00e9e. Ont-ils tellement honte des montants de certaines r\u00e9mun\u00e9rations ? Les \u00e9tudiant\u00b7es manque-t-il\/elle de maturit\u00e9 pour juger de la l\u00e9gitimit\u00e9 de ces derni\u00e8res ? Qu&rsquo;\u00e0 cela ne tienne : le directoire ne veut pas, donc le CA n&rsquo;en discutera m\u00eame pas !<\/p>\n\n\n\n<h2 class=\"wp-block-heading\">Convention de partenariat PSL-Lyc\u00e9e Louis le Grand<\/h2>\n\n\n\n<p>Il s&rsquo;agit de mettre en place un dipl\u00f4me de niveau licence &#8211; forc\u00e9ment d&rsquo;excellence &#8211; en collaboration avec le lyc\u00e9e Louis Le Grand sous forme d&rsquo;un CPES. L&rsquo;objectif est d&rsquo;y inscrire 40% de boursiers \u00e0 terme, objectif rempli \u00e0 70% actuellement alors que 43% de la capacit\u00e9 d&rsquo;accueil est d\u00e9j\u00e0 remplie (les boursiers ont \u00e9t\u00e9 prioritaires dans les inscriptions). Comme pour tous les CPES, nous sommes contre ce principe qui consiste \u00e0 cr\u00e9er des parcours universitaires parall\u00e8les d&rsquo;\u00e9lite pour diff\u00e9rencier la masse des \u00e9tudiant\u00b7es de ceux qui sortent du lot avant m\u00eame leur parcours universitaire. Pour quelques arguments sur des dangers des CPES, voir : <a href=\"https:\/\/www.snesup.fr\/article\/les-cpes-instruments-de-differenciation-des-etablissements-et-de-destruction-massive-des-licences-generales-lettre-flash-ndeg50-du-23-mars-2022\">https:\/\/www.snesup.fr\/article\/les-cpes-instruments-de-differenciation-des-etablissements-et-de-destruction-massive-des-licences-generales-lettre-flash-ndeg50-du-23-mars-2022<\/a><\/p>\n\n\n\n<p>La mise en place de ce CPES dans un lyc\u00e9e tr\u00e8s connu pour ses pr\u00e9pas ne se passe tout de m\u00eame pas sans quelques tensions. En effet, suite \u00e0 nos questions, le proviseur du lyc\u00e9e nous a indiqu\u00e9 que les enseignant\u00b7e\u00b7s (du lyc\u00e9e) de maths refusaient d\u2019enseigner en CPES. On voit les frictions entre deux parcours s\u00e9lectifs.<\/p>\n\n\n\n<p>Ce partenariat a toutefois \u00e9t\u00e9 confirm\u00e9 par le vote du CA puisqu&rsquo;il n&rsquo;y a eu que 5 voix contre et 2 abstentions. Alain Fuchs a demand\u00e9 \u00e0 ceux qui votaient contre l&rsquo;explication de leur vote, et a sous-entendu qu&rsquo;il \u00e9tait ridicule d&rsquo;\u00eatre contre les CPES. Il aurait aussi pu demander \u00e0 ceux qui votaient pour de justifier leur vote moutonnier, de justifier ce qui les motivait vraiment dans la mise en place d&rsquo;un nouveau CPES. Mais comme souvent nous n&rsquo;entendrons pas les pr\u00e9sident\u00b7es d&rsquo;\u00e9tablissement autre que ceux de Paris-Dauphine et de l&rsquo;ENS. <\/p>\n\n\n\n<h2 class=\"wp-block-heading\">Lettre et d\u00e9bat d&rsquo;orientation budg\u00e9taire<\/h2>\n\n\n\n<p>La difficult\u00e9 de l&rsquo;exercice vient de ce que l&rsquo;ensemble des moyens et fl\u00e9ch\u00e9, et la SCSP (Subvention de charge de service public) est mang\u00e9e par les augmentations diverses (co\u00fbt des fluides, &#8230;), ce qui ne laisse plus de marge de man\u0153uvre, m\u00eame si pour l&rsquo;instant les succ\u00e8s dans les r\u00e9ponses de beaucoup d&rsquo;appels \u00e0 projets donnent l&rsquo;illusion d&rsquo;un bilan favorable. De plus, il n&rsquo;y a plus de dialogue strat\u00e9gique de gestion avec le Minist\u00e8re et il est donc devenu impossible de pr\u00e9senter les difficult\u00e9s, les besoins, et de demander une aide \u00e9ventuellement.<\/p>\n\n\n\n<p>Le vote a donn\u00e9 8 abstentions, pour marquer un d\u00e9saccord sur la politique g\u00e9n\u00e9rale de l&rsquo;\u00e9tablissement et la coh\u00e9rence entre les orientations prises et cette politique.<\/p>\n\n\n\n<h2 class=\"wp-block-heading\">Rapport d&rsquo;auto\u00e9valuation HCERES<\/h2>\n\n\n\n<p>Adopt\u00e9 \u00e0 l&rsquo;unanimit\u00e9 moins 4 abstentions.<\/p>\n\n\n\n<p>Nous nous sommes abstenu\u00b7es pour marquer notre d\u00e9sapprobation avec la vision \u00e9litiste de l&rsquo;ESR dont il rend compte. Ce document illustre de la coh\u00e9rence entre la r\u00e9alit\u00e9 et le contenu du rapport.&nbsp;Et de ce point de vue, ce document fait assur\u00e9ment le travail !<\/p>\n\n\n\n<h2 class=\"wp-block-heading\">Cr\u00e9ation d&rsquo;une commission des finances<\/h2>\n\n\n\n<p>L&rsquo;objectif de cette cr\u00e9ation est de renforcer l&rsquo;information financi\u00e8re des administrateurices en amont du CA. Il y a 3 repr\u00e9sentants des \u00e9lu\u00b7es, les volontaires \u00e9tant Oc\u00e9ane, Samuel et Maxime, 2 repr\u00e9sentants des directeurices\/pr\u00e9sident\u00b7es, et 2 repr\u00e9sentant\u00b7es des personnalit\u00e9s qualifi\u00e9es. Cette cr\u00e9ation est vot\u00e9e \u00e0 l&rsquo;unanimit\u00e9.<\/p>\n\n\n\n<h2 class=\"wp-block-heading\"><strong>Approbation de la cr\u00e9ation de supports de postes d\u2019enseignants chercheurs pour l\u2019Universit\u00e9 PSL<\/strong><\/h2>\n\n\n\n<p>Comme l&rsquo;ensemble des \u00e9tablissements, PSL est dans l&rsquo;obligation de respecter un plafond d&#8217;emploi qui est \u00e0 121 ETPT (Equivalent temps plein travaill\u00e9) dont 10 personnels BIATSS, et 111 personnels acad\u00e9miques (108 contrats doctoraux, 2 PRAG et 1 professeur des universit\u00e9s).\u00a0PSL n&rsquo;a b\u00e9n\u00e9fici\u00e9 d&rsquo;aucune \u00e9volution en dehors des contrats doctoraux. La DGFIP a confirm\u00e9 qu&rsquo;il \u00e9tait possible de faire \u00e9voluer la structure sur demande pour les EC (Enseignants-chercheurs) et sans demande pour les BIATSS. Cela se fait sans engagement du minist\u00e8re sur les moyens (m\u00eame si le minist\u00e8re fait circuler l&rsquo;annonce et organise la campagne de recrutement).\u00a0PSL a donc fait une demande au minist\u00e8re pour la cr\u00e9ation de 2 supports de postes de PRAG et un MdC, en esp\u00e9rant avoir une augmentation \u00e0 terme de la subvention d&rsquo;\u00c9tat. Le profil MdC pas encore d\u00e9fini. Mais il y a un besoin d&rsquo;enseignement et l&rsquo;ex\u00e9cutif veut les adosser \u00e0 la recherche, d&rsquo;o\u00f9 ce profil EC. Le CA s&rsquo;est prononc\u00e9 pour cette demande \u00e0 l&rsquo;unanimit\u00e9.<\/p>\n\n\n\n<h2 class=\"wp-block-heading\"><\/h2>\n\n\n\n<p><\/p>\n\n\n\n<p><\/p>\n","protected":false},"excerpt":{"rendered":"<p>Une r\u00e9union marqu\u00e9e encore une fois par l&rsquo;inutilit\u00e9 de la repr\u00e9sentation des personnels puisque tout se d\u00e9cide en directoire qui, avec ses alli\u00e9\u00b7es \u00e9lu\u00b7es au CA, dispose d&rsquo;une large majorit\u00e9. Nous souhaitons ici faire une mention sp\u00e9ciale aux \u00e9lu\u00b7es \u00e9tudiant\u00b7es, particuli\u00e8rement Oc\u00e9ane et Luc, qui avaient pr\u00e9par\u00e9 soigneusement cette r\u00e9union de CA et ont \u00e9t\u00e9 &hellip;<\/p>\n<p class=\"read-more\"> <a class=\"\" href=\"https:\/\/democratie-au-coeur-de-psl.fr\/?p=1298\"> <span class=\"screen-reader-text\">Compte-rendu du CA du 8 juin 2023<\/span> Lire la suite\u00a0\u00bb<\/a><\/p>\n","protected":false},"author":3,"featured_media":0,"comment_status":"closed","ping_status":"closed","sticky":false,"template":"","format":"standard","meta":{"_jetpack_memberships_contains_paid_content":false,"footnotes":""},"categories":[1],"tags":[],"yoast_head":"<!-- This site is optimized with the Yoast SEO plugin v22.9 - https:\/\/yoast.com\/wordpress\/plugins\/seo\/ -->\n<title>Compte-rendu du CA du 8 juin 2023 - D\u00e9mocratie et int\u00e9r\u00eat g\u00e9n\u00e9ral au c\u0153ur de PSL<\/title>\n<meta name=\"robots\" content=\"index, follow, max-snippet:-1, max-image-preview:large, max-video-preview:-1\" \/>\n<link rel=\"canonical\" href=\"https:\/\/democratie-au-coeur-de-psl.fr\/?p=1298\" \/>\n<meta property=\"og:locale\" content=\"fr_FR\" \/>\n<meta property=\"og:type\" content=\"article\" \/>\n<meta property=\"og:title\" content=\"Compte-rendu du CA du 8 juin 2023 - D\u00e9mocratie et int\u00e9r\u00eat g\u00e9n\u00e9ral au c\u0153ur de PSL\" \/>\n<meta property=\"og:description\" content=\"Une r\u00e9union marqu\u00e9e encore une fois par l&rsquo;inutilit\u00e9 de la repr\u00e9sentation des personnels puisque tout se d\u00e9cide en directoire qui, avec ses alli\u00e9\u00b7es \u00e9lu\u00b7es au CA, dispose d&rsquo;une large majorit\u00e9. Nous souhaitons ici faire une mention sp\u00e9ciale aux \u00e9lu\u00b7es \u00e9tudiant\u00b7es, particuli\u00e8rement Oc\u00e9ane et Luc, qui avaient pr\u00e9par\u00e9 soigneusement cette r\u00e9union de CA et ont \u00e9t\u00e9 &hellip; Compte-rendu du CA du 8 juin 2023 Lire la suite\u00a0\u00bb\" \/>\n<meta property=\"og:url\" content=\"https:\/\/democratie-au-coeur-de-psl.fr\/?p=1298\" \/>\n<meta property=\"og:site_name\" content=\"D\u00e9mocratie et int\u00e9r\u00eat g\u00e9n\u00e9ral au c\u0153ur de PSL\" \/>\n<meta property=\"article:published_time\" content=\"2023-09-18T16:10:06+00:00\" \/>\n<meta property=\"article:modified_time\" content=\"2023-09-18T16:10:07+00:00\" \/>\n<meta name=\"author\" content=\"Vos \u00e9lu.es\" \/>\n<meta name=\"twitter:card\" content=\"summary_large_image\" \/>\n<meta name=\"twitter:creator\" content=\"@Syndic_CA_PSL\" \/>\n<meta name=\"twitter:site\" content=\"@Syndic_CA_PSL\" \/>\n<meta name=\"twitter:label1\" content=\"\u00c9crit par\" \/>\n\t<meta name=\"twitter:data1\" content=\"Vos \u00e9lu.es\" \/>\n\t<meta name=\"twitter:label2\" content=\"Dur\u00e9e de lecture estim\u00e9e\" \/>\n\t<meta name=\"twitter:data2\" content=\"5 minutes\" \/>\n<script type=\"application\/ld+json\" class=\"yoast-schema-graph\">{\"@context\":\"https:\/\/schema.org\",\"@graph\":[{\"@type\":\"Article\",\"@id\":\"https:\/\/democratie-au-coeur-de-psl.fr\/?p=1298#article\",\"isPartOf\":{\"@id\":\"https:\/\/democratie-au-coeur-de-psl.fr\/?p=1298\"},\"author\":{\"name\":\"Vos \u00e9lu.es\",\"@id\":\"https:\/\/democratie-au-coeur-de-psl.fr\/#\/schema\/person\/c5310aa8f593d1c221447ecd69a6780e\"},\"headline\":\"Compte-rendu du CA du 8 juin 2023\",\"datePublished\":\"2023-09-18T16:10:06+00:00\",\"dateModified\":\"2023-09-18T16:10:07+00:00\",\"mainEntityOfPage\":{\"@id\":\"https:\/\/democratie-au-coeur-de-psl.fr\/?p=1298\"},\"wordCount\":956,\"publisher\":{\"@id\":\"https:\/\/democratie-au-coeur-de-psl.fr\/#organization\"},\"inLanguage\":\"fr-FR\"},{\"@type\":\"WebPage\",\"@id\":\"https:\/\/democratie-au-coeur-de-psl.fr\/?p=1298\",\"url\":\"https:\/\/democratie-au-coeur-de-psl.fr\/?p=1298\",\"name\":\"Compte-rendu du CA du 8 juin 2023 - D\u00e9mocratie et int\u00e9r\u00eat g\u00e9n\u00e9ral au c\u0153ur de PSL\",\"isPartOf\":{\"@id\":\"https:\/\/democratie-au-coeur-de-psl.fr\/#website\"},\"datePublished\":\"2023-09-18T16:10:06+00:00\",\"dateModified\":\"2023-09-18T16:10:07+00:00\",\"breadcrumb\":{\"@id\":\"https:\/\/democratie-au-coeur-de-psl.fr\/?p=1298#breadcrumb\"},\"inLanguage\":\"fr-FR\",\"potentialAction\":[{\"@type\":\"ReadAction\",\"target\":[\"https:\/\/democratie-au-coeur-de-psl.fr\/?p=1298\"]}]},{\"@type\":\"BreadcrumbList\",\"@id\":\"https:\/\/democratie-au-coeur-de-psl.fr\/?p=1298#breadcrumb\",\"itemListElement\":[{\"@type\":\"ListItem\",\"position\":1,\"name\":\"Accueil\",\"item\":\"https:\/\/democratie-au-coeur-de-psl.fr\/\"},{\"@type\":\"ListItem\",\"position\":2,\"name\":\"Compte-rendu du CA du 8 juin 2023\"}]},{\"@type\":\"WebSite\",\"@id\":\"https:\/\/democratie-au-coeur-de-psl.fr\/#website\",\"url\":\"https:\/\/democratie-au-coeur-de-psl.fr\/\",\"name\":\"D\u00e9mocratie et int\u00e9r\u00eat g\u00e9n\u00e9ral au c\u0153ur de PSL\",\"description\":\"Listes soutenues par la CGT au CA de PSL\",\"publisher\":{\"@id\":\"https:\/\/democratie-au-coeur-de-psl.fr\/#organization\"},\"potentialAction\":[{\"@type\":\"SearchAction\",\"target\":{\"@type\":\"EntryPoint\",\"urlTemplate\":\"https:\/\/democratie-au-coeur-de-psl.fr\/?s={search_term_string}\"},\"query-input\":\"required name=search_term_string\"}],\"inLanguage\":\"fr-FR\"},{\"@type\":\"Organization\",\"@id\":\"https:\/\/democratie-au-coeur-de-psl.fr\/#organization\",\"name\":\"D\u00e9mocratie et int\u00e9r\u00eat g\u00e9n\u00e9ral au c\u0153ur de PSL\",\"url\":\"https:\/\/democratie-au-coeur-de-psl.fr\/\",\"logo\":{\"@type\":\"ImageObject\",\"inLanguage\":\"fr-FR\",\"@id\":\"https:\/\/democratie-au-coeur-de-psl.fr\/#\/schema\/logo\/image\/\",\"url\":\"https:\/\/democratie-au-coeur-de-psl.fr\/wp-content\/uploads\/2020\/07\/cropped-tableau-1.jpg\",\"contentUrl\":\"https:\/\/democratie-au-coeur-de-psl.fr\/wp-content\/uploads\/2020\/07\/cropped-tableau-1.jpg\",\"width\":1920,\"height\":640,\"caption\":\"D\u00e9mocratie et int\u00e9r\u00eat g\u00e9n\u00e9ral au c\u0153ur de PSL\"},\"image\":{\"@id\":\"https:\/\/democratie-au-coeur-de-psl.fr\/#\/schema\/logo\/image\/\"},\"sameAs\":[\"https:\/\/x.com\/Syndic_CA_PSL\"]},{\"@type\":\"Person\",\"@id\":\"https:\/\/democratie-au-coeur-de-psl.fr\/#\/schema\/person\/c5310aa8f593d1c221447ecd69a6780e\",\"name\":\"Vos \u00e9lu.es\",\"image\":{\"@type\":\"ImageObject\",\"inLanguage\":\"fr-FR\",\"@id\":\"https:\/\/democratie-au-coeur-de-psl.fr\/#\/schema\/person\/image\/\",\"url\":\"https:\/\/secure.gravatar.com\/avatar\/4f6da4e7085d5a51eb8f9b065edc6d28?s=96&d=mm&r=g\",\"contentUrl\":\"https:\/\/secure.gravatar.com\/avatar\/4f6da4e7085d5a51eb8f9b065edc6d28?s=96&d=mm&r=g\",\"caption\":\"Vos \u00e9lu.es\"},\"url\":\"https:\/\/democratie-au-coeur-de-psl.fr\/?author=3\"}]}<\/script>\n<!-- \/ Yoast SEO plugin. -->","yoast_head_json":{"title":"Compte-rendu du CA du 8 juin 2023 - D\u00e9mocratie et int\u00e9r\u00eat g\u00e9n\u00e9ral au c\u0153ur de PSL","robots":{"index":"index","follow":"follow","max-snippet":"max-snippet:-1","max-image-preview":"max-image-preview:large","max-video-preview":"max-video-preview:-1"},"canonical":"https:\/\/democratie-au-coeur-de-psl.fr\/?p=1298","og_locale":"fr_FR","og_type":"article","og_title":"Compte-rendu du CA du 8 juin 2023 - D\u00e9mocratie et int\u00e9r\u00eat g\u00e9n\u00e9ral au c\u0153ur de PSL","og_description":"Une r\u00e9union marqu\u00e9e encore une fois par l&rsquo;inutilit\u00e9 de la repr\u00e9sentation des personnels puisque tout se d\u00e9cide en directoire qui, avec ses alli\u00e9\u00b7es \u00e9lu\u00b7es au CA, dispose d&rsquo;une large majorit\u00e9. Nous souhaitons ici faire une mention sp\u00e9ciale aux \u00e9lu\u00b7es \u00e9tudiant\u00b7es, particuli\u00e8rement Oc\u00e9ane et Luc, qui avaient pr\u00e9par\u00e9 soigneusement cette r\u00e9union de CA et ont \u00e9t\u00e9 &hellip; Compte-rendu du CA du 8 juin 2023 Lire la suite\u00a0\u00bb","og_url":"https:\/\/democratie-au-coeur-de-psl.fr\/?p=1298","og_site_name":"D\u00e9mocratie et int\u00e9r\u00eat g\u00e9n\u00e9ral au c\u0153ur de PSL","article_published_time":"2023-09-18T16:10:06+00:00","article_modified_time":"2023-09-18T16:10:07+00:00","author":"Vos \u00e9lu.es","twitter_card":"summary_large_image","twitter_creator":"@Syndic_CA_PSL","twitter_site":"@Syndic_CA_PSL","twitter_misc":{"\u00c9crit par":"Vos \u00e9lu.es","Dur\u00e9e de lecture estim\u00e9e":"5 minutes"},"schema":{"@context":"https:\/\/schema.org","@graph":[{"@type":"Article","@id":"https:\/\/democratie-au-coeur-de-psl.fr\/?p=1298#article","isPartOf":{"@id":"https:\/\/democratie-au-coeur-de-psl.fr\/?p=1298"},"author":{"name":"Vos \u00e9lu.es","@id":"https:\/\/democratie-au-coeur-de-psl.fr\/#\/schema\/person\/c5310aa8f593d1c221447ecd69a6780e"},"headline":"Compte-rendu du CA du 8 juin 2023","datePublished":"2023-09-18T16:10:06+00:00","dateModified":"2023-09-18T16:10:07+00:00","mainEntityOfPage":{"@id":"https:\/\/democratie-au-coeur-de-psl.fr\/?p=1298"},"wordCount":956,"publisher":{"@id":"https:\/\/democratie-au-coeur-de-psl.fr\/#organization"},"inLanguage":"fr-FR"},{"@type":"WebPage","@id":"https:\/\/democratie-au-coeur-de-psl.fr\/?p=1298","url":"https:\/\/democratie-au-coeur-de-psl.fr\/?p=1298","name":"Compte-rendu du CA du 8 juin 2023 - D\u00e9mocratie et int\u00e9r\u00eat g\u00e9n\u00e9ral au c\u0153ur de PSL","isPartOf":{"@id":"https:\/\/democratie-au-coeur-de-psl.fr\/#website"},"datePublished":"2023-09-18T16:10:06+00:00","dateModified":"2023-09-18T16:10:07+00:00","breadcrumb":{"@id":"https:\/\/democratie-au-coeur-de-psl.fr\/?p=1298#breadcrumb"},"inLanguage":"fr-FR","potentialAction":[{"@type":"ReadAction","target":["https:\/\/democratie-au-coeur-de-psl.fr\/?p=1298"]}]},{"@type":"BreadcrumbList","@id":"https:\/\/democratie-au-coeur-de-psl.fr\/?p=1298#breadcrumb","itemListElement":[{"@type":"ListItem","position":1,"name":"Accueil","item":"https:\/\/democratie-au-coeur-de-psl.fr\/"},{"@type":"ListItem","position":2,"name":"Compte-rendu du CA du 8 juin 2023"}]},{"@type":"WebSite","@id":"https:\/\/democratie-au-coeur-de-psl.fr\/#website","url":"https:\/\/democratie-au-coeur-de-psl.fr\/","name":"D\u00e9mocratie et int\u00e9r\u00eat g\u00e9n\u00e9ral au c\u0153ur de PSL","description":"Listes soutenues par la CGT au CA de PSL","publisher":{"@id":"https:\/\/democratie-au-coeur-de-psl.fr\/#organization"},"potentialAction":[{"@type":"SearchAction","target":{"@type":"EntryPoint","urlTemplate":"https:\/\/democratie-au-coeur-de-psl.fr\/?s={search_term_string}"},"query-input":"required name=search_term_string"}],"inLanguage":"fr-FR"},{"@type":"Organization","@id":"https:\/\/democratie-au-coeur-de-psl.fr\/#organization","name":"D\u00e9mocratie et int\u00e9r\u00eat g\u00e9n\u00e9ral au c\u0153ur de PSL","url":"https:\/\/democratie-au-coeur-de-psl.fr\/","logo":{"@type":"ImageObject","inLanguage":"fr-FR","@id":"https:\/\/democratie-au-coeur-de-psl.fr\/#\/schema\/logo\/image\/","url":"https:\/\/democratie-au-coeur-de-psl.fr\/wp-content\/uploads\/2020\/07\/cropped-tableau-1.jpg","contentUrl":"https:\/\/democratie-au-coeur-de-psl.fr\/wp-content\/uploads\/2020\/07\/cropped-tableau-1.jpg","width":1920,"height":640,"caption":"D\u00e9mocratie et int\u00e9r\u00eat g\u00e9n\u00e9ral au c\u0153ur de PSL"},"image":{"@id":"https:\/\/democratie-au-coeur-de-psl.fr\/#\/schema\/logo\/image\/"},"sameAs":["https:\/\/x.com\/Syndic_CA_PSL"]},{"@type":"Person","@id":"https:\/\/democratie-au-coeur-de-psl.fr\/#\/schema\/person\/c5310aa8f593d1c221447ecd69a6780e","name":"Vos \u00e9lu.es","image":{"@type":"ImageObject","inLanguage":"fr-FR","@id":"https:\/\/democratie-au-coeur-de-psl.fr\/#\/schema\/person\/image\/","url":"https:\/\/secure.gravatar.com\/avatar\/4f6da4e7085d5a51eb8f9b065edc6d28?s=96&d=mm&r=g","contentUrl":"https:\/\/secure.gravatar.com\/avatar\/4f6da4e7085d5a51eb8f9b065edc6d28?s=96&d=mm&r=g","caption":"Vos \u00e9lu.es"},"url":"https:\/\/democratie-au-coeur-de-psl.fr\/?author=3"}]}},"jetpack_sharing_enabled":true,"jetpack_featured_media_url":"","_links":{"self":[{"href":"https:\/\/democratie-au-coeur-de-psl.fr\/index.php?rest_route=\/wp\/v2\/posts\/1298"}],"collection":[{"href":"https:\/\/democratie-au-coeur-de-psl.fr\/index.php?rest_route=\/wp\/v2\/posts"}],"about":[{"href":"https:\/\/democratie-au-coeur-de-psl.fr\/index.php?rest_route=\/wp\/v2\/types\/post"}],"author":[{"embeddable":true,"href":"https:\/\/democratie-au-coeur-de-psl.fr\/index.php?rest_route=\/wp\/v2\/users\/3"}],"replies":[{"embeddable":true,"href":"https:\/\/democratie-au-coeur-de-psl.fr\/index.php?rest_route=%2Fwp%2Fv2%2Fcomments&post=1298"}],"version-history":[{"count":12,"href":"https:\/\/democratie-au-coeur-de-psl.fr\/index.php?rest_route=\/wp\/v2\/posts\/1298\/revisions"}],"predecessor-version":[{"id":1334,"href":"https:\/\/democratie-au-coeur-de-psl.fr\/index.php?rest_route=\/wp\/v2\/posts\/1298\/revisions\/1334"}],"wp:attachment":[{"href":"https:\/\/democratie-au-coeur-de-psl.fr\/index.php?rest_route=%2Fwp%2Fv2%2Fmedia&parent=1298"}],"wp:term":[{"taxonomy":"category","embeddable":true,"href":"https:\/\/democratie-au-coeur-de-psl.fr\/index.php?rest_route=%2Fwp%2Fv2%2Fcategories&post=1298"},{"taxonomy":"post_tag","embeddable":true,"href":"https:\/\/democratie-au-coeur-de-psl.fr\/index.php?rest_route=%2Fwp%2Fv2%2Ftags&post=1298"}],"curies":[{"name":"wp","href":"https:\/\/api.w.org\/{rel}","templated":true}]}}