{"id":1285,"date":"2023-09-18T17:59:35","date_gmt":"2023-09-18T15:59:35","guid":{"rendered":"http:\/\/democratie-au-coeur-de-psl.fr\/?p=1285"},"modified":"2023-09-18T18:54:36","modified_gmt":"2023-09-18T16:54:36","slug":"compte-rendu-du-conseil-dadministration-du-13-octobre-2022","status":"publish","type":"post","link":"https:\/\/democratie-au-coeur-de-psl.fr\/?p=1285","title":{"rendered":"Compte-rendu du conseil d&rsquo;administration du 13 octobre 2022"},"content":{"rendered":"\n<p>Lors de ce conseil d&rsquo;administration, nous avons discut\u00e9 de diff\u00e9rents points dont les principaux ont \u00e9t\u00e9 selon nous : la r\u00e9\u00e9valuation de la grille des r\u00e9mun\u00e9rations de 3,5% tenant compte de l\u2019inflation ; l&rsquo;exon\u00e9ration de droits d&rsquo;inscriptions pour les doctorant\u00b7es en raison des cons\u00e9quences de la crise sanitaire sur la conduite des th\u00e8ses ; l&rsquo;accueil de volontaires en service civique \u00e0 l&rsquo;universit\u00e9 PSL.<\/p>\n\n\n\n<h2 class=\"wp-block-heading\">\u00c0 propos de la r\u00e9\u00e9valuation de la grille des r\u00e9mun\u00e9rations de 3,5 %<\/h2>\n\n\n\n<p>La discussion sur ce point a uniquement port\u00e9 sur les salaires des personnes travaillant aux services centraux de PSL et celles de la fondation PSL (dont la grille de r\u00e9mun\u00e9ration est index\u00e9e sur celle s&rsquo;appliquant \u00e0 PSL). Rappelons ici que ces salari\u00e9\u00b7es ne sont pas fonctionnaires et que leur salaire n&rsquo;est pas index\u00e9 sur les traitements touch\u00e9s dans la fonction publique. Cette augmentation fait toutefois r\u00e9f\u00e9rence (implicite) \u00e0 l&rsquo;augmentation du point d&rsquo;indice qui a pris effet au 1er juillet 2022. <\/p>\n\n\n\n<p>De l&rsquo;aveu de la direction, la mod\u00e9ration salariale a caract\u00e9ris\u00e9 la politique des r\u00e9mun\u00e9rations de l&rsquo;\u00e9tablissement pendant de nombreuses ann\u00e9es. Quelques augmentations ont eu lieu r\u00e9cemment sur des bases de m\u00e9rite comme pr\u00e9cis\u00e9 dans le document pr\u00e9paratoire, r\u00e9mun\u00e9ration au m\u00e9rite contre laquelle non nous battons r\u00e9guli\u00e8rement parce qu&rsquo;elle instaure une concurrence d\u00e9l\u00e9t\u00e8re entre salari\u00e9\u00b7es. En raison de notre opposition \u00e0 la politique g\u00e9n\u00e9rale de r\u00e9mun\u00e9ration de l&rsquo;universit\u00e9, et malgr\u00e9 le vote \u00e0 l\u2019unanimit\u00e9 en CT de PSL, nous avons pr\u00e9f\u00e9r\u00e9 nous <strong>abstenir <\/strong>sur ce point. <\/p>\n\n\n\n<h2 class=\"wp-block-heading\">Exon\u00e9ration de droits d&rsquo;inscription des doctorant\u00b7es touch\u00e9\u00b7es dans leur recherche par la crise sanitaire<\/h2>\n\n\n\n<p>Il a \u00e9t\u00e9 d\u00e9cid\u00e9 \u00e0 l&rsquo;unanimit\u00e9 d&rsquo;attribuer une exon\u00e9ration de droits d&rsquo;inscription pour les doctorant\u00b7es dont les recherches ont \u00e9t\u00e9 impact\u00e9es par les effets de l&rsquo;\u00e9pid\u00e9mie de Covid. C&rsquo;est la troisi\u00e8me et derni\u00e8re ann\u00e9e que cette exon\u00e9ration est attribu\u00e9e. <strong>Nous avons vot\u00e9 pour cette mesure<\/strong> valid\u00e9e \u00e0 l&rsquo;unanimit\u00e9. <\/p>\n\n\n\n<h2 class=\"wp-block-heading\">L&rsquo;accueil de volontaire en service civique \u00e0 l&rsquo;universit\u00e9 PSL<\/h2>\n\n\n\n<p>Le troisi\u00e8me point dont nous voulions rendre compte ici concerne un document relatif au souhait d&rsquo;accueillir des services civiques dans l&rsquo;\u00e9tablissement centrale de PSL. Un tel accueil passe par l&rsquo;obtention d&rsquo;un agr\u00e9ment attribu\u00e9 par l&rsquo;<a href=\"https:\/\/www.service-public.fr\/particuliers\/vosdroits\/F15854\">Agence du service civique<\/a>. L&rsquo;obtention de cet agr\u00e9ment passe donc par la formalisation d&rsquo;une sorte de projet d&rsquo;\u00e9tablissement relatif \u00e0 sa politique d&rsquo;accueil de services civiques. <\/p>\n\n\n\n<p>Ce document nous est pr\u00e9sent\u00e9 comme une r\u00e9ponse \u00e0 une unique demande de service civique \u00e9manant de la Cellule de veille sur les violences sexistes et sexuelles. Mais rien pour l&rsquo;instant ne permet d&rsquo;encadrer cet appel \u00e0 volontaires si d&rsquo;autres demandes apparaissaient. Nous seront vigilant\u00b7es \u00e0 ce que des garde-fous soient mis en place afin d&rsquo;\u00e9viter une d\u00e9rive de ce syst\u00e8me vers un emploi bon march\u00e9 de personnels corv\u00e9ables \u00e0 merci. <\/p>\n","protected":false},"excerpt":{"rendered":"<p>Lors de ce conseil d&rsquo;administration, nous avons discut\u00e9 de diff\u00e9rents points dont les principaux ont \u00e9t\u00e9 selon nous : la r\u00e9\u00e9valuation de la grille des r\u00e9mun\u00e9rations de 3,5% tenant compte de l\u2019inflation ; l&rsquo;exon\u00e9ration de droits d&rsquo;inscriptions pour les doctorant\u00b7es en raison des cons\u00e9quences de la crise sanitaire sur la conduite des th\u00e8ses ; l&rsquo;accueil &hellip;<\/p>\n<p class=\"read-more\"> <a class=\"\" href=\"https:\/\/democratie-au-coeur-de-psl.fr\/?p=1285\"> <span class=\"screen-reader-text\">Compte-rendu du conseil d&rsquo;administration du 13 octobre 2022<\/span> Lire la suite\u00a0\u00bb<\/a><\/p>\n","protected":false},"author":4,"featured_media":0,"comment_status":"closed","ping_status":"closed","sticky":false,"template":"","format":"standard","meta":{"_jetpack_memberships_contains_paid_content":false,"footnotes":""},"categories":[1],"tags":[],"yoast_head":"<!-- This site is optimized with the Yoast SEO plugin v22.9 - https:\/\/yoast.com\/wordpress\/plugins\/seo\/ -->\n<title>Compte-rendu du conseil d&#039;administration du 13 octobre 2022 - D\u00e9mocratie et int\u00e9r\u00eat g\u00e9n\u00e9ral au c\u0153ur de PSL<\/title>\n<meta name=\"robots\" content=\"index, follow, max-snippet:-1, max-image-preview:large, max-video-preview:-1\" \/>\n<link rel=\"canonical\" href=\"https:\/\/democratie-au-coeur-de-psl.fr\/?p=1285\" \/>\n<meta property=\"og:locale\" content=\"fr_FR\" \/>\n<meta property=\"og:type\" content=\"article\" \/>\n<meta property=\"og:title\" content=\"Compte-rendu du conseil d&#039;administration du 13 octobre 2022 - D\u00e9mocratie et int\u00e9r\u00eat g\u00e9n\u00e9ral au c\u0153ur de PSL\" \/>\n<meta property=\"og:description\" content=\"Lors de ce conseil d&rsquo;administration, nous avons discut\u00e9 de diff\u00e9rents points dont les principaux ont \u00e9t\u00e9 selon nous : la r\u00e9\u00e9valuation de la grille des r\u00e9mun\u00e9rations de 3,5% tenant compte de l\u2019inflation ; l&rsquo;exon\u00e9ration de droits d&rsquo;inscriptions pour les doctorant\u00b7es en raison des cons\u00e9quences de la crise sanitaire sur la conduite des th\u00e8ses ; l&rsquo;accueil &hellip; Compte-rendu du conseil d&rsquo;administration du 13 octobre 2022 Lire la suite\u00a0\u00bb\" \/>\n<meta property=\"og:url\" content=\"https:\/\/democratie-au-coeur-de-psl.fr\/?p=1285\" \/>\n<meta property=\"og:site_name\" content=\"D\u00e9mocratie et int\u00e9r\u00eat g\u00e9n\u00e9ral au c\u0153ur de PSL\" \/>\n<meta property=\"article:published_time\" content=\"2023-09-18T15:59:35+00:00\" \/>\n<meta property=\"article:modified_time\" content=\"2023-09-18T16:54:36+00:00\" \/>\n<meta name=\"author\" content=\"Vos \u00e9lu.es\" \/>\n<meta name=\"twitter:card\" content=\"summary_large_image\" \/>\n<meta name=\"twitter:creator\" content=\"@Syndic_CA_PSL\" \/>\n<meta name=\"twitter:site\" content=\"@Syndic_CA_PSL\" \/>\n<meta name=\"twitter:label1\" content=\"\u00c9crit par\" \/>\n\t<meta name=\"twitter:data1\" content=\"Vos \u00e9lu.es\" \/>\n\t<meta name=\"twitter:label2\" content=\"Dur\u00e9e de lecture estim\u00e9e\" \/>\n\t<meta name=\"twitter:data2\" content=\"3 minutes\" \/>\n<script type=\"application\/ld+json\" class=\"yoast-schema-graph\">{\"@context\":\"https:\/\/schema.org\",\"@graph\":[{\"@type\":\"Article\",\"@id\":\"https:\/\/democratie-au-coeur-de-psl.fr\/?p=1285#article\",\"isPartOf\":{\"@id\":\"https:\/\/democratie-au-coeur-de-psl.fr\/?p=1285\"},\"author\":{\"name\":\"Vos \u00e9lu.es\",\"@id\":\"https:\/\/democratie-au-coeur-de-psl.fr\/#\/schema\/person\/9ccbcd07fe679049395b52603d1da38d\"},\"headline\":\"Compte-rendu du conseil d&rsquo;administration du 13 octobre 2022\",\"datePublished\":\"2023-09-18T15:59:35+00:00\",\"dateModified\":\"2023-09-18T16:54:36+00:00\",\"mainEntityOfPage\":{\"@id\":\"https:\/\/democratie-au-coeur-de-psl.fr\/?p=1285\"},\"wordCount\":500,\"publisher\":{\"@id\":\"https:\/\/democratie-au-coeur-de-psl.fr\/#organization\"},\"inLanguage\":\"fr-FR\"},{\"@type\":\"WebPage\",\"@id\":\"https:\/\/democratie-au-coeur-de-psl.fr\/?p=1285\",\"url\":\"https:\/\/democratie-au-coeur-de-psl.fr\/?p=1285\",\"name\":\"Compte-rendu du conseil d'administration du 13 octobre 2022 - D\u00e9mocratie et int\u00e9r\u00eat g\u00e9n\u00e9ral au c\u0153ur de PSL\",\"isPartOf\":{\"@id\":\"https:\/\/democratie-au-coeur-de-psl.fr\/#website\"},\"datePublished\":\"2023-09-18T15:59:35+00:00\",\"dateModified\":\"2023-09-18T16:54:36+00:00\",\"breadcrumb\":{\"@id\":\"https:\/\/democratie-au-coeur-de-psl.fr\/?p=1285#breadcrumb\"},\"inLanguage\":\"fr-FR\",\"potentialAction\":[{\"@type\":\"ReadAction\",\"target\":[\"https:\/\/democratie-au-coeur-de-psl.fr\/?p=1285\"]}]},{\"@type\":\"BreadcrumbList\",\"@id\":\"https:\/\/democratie-au-coeur-de-psl.fr\/?p=1285#breadcrumb\",\"itemListElement\":[{\"@type\":\"ListItem\",\"position\":1,\"name\":\"Accueil\",\"item\":\"https:\/\/democratie-au-coeur-de-psl.fr\/\"},{\"@type\":\"ListItem\",\"position\":2,\"name\":\"Compte-rendu du conseil d&rsquo;administration du 13 octobre 2022\"}]},{\"@type\":\"WebSite\",\"@id\":\"https:\/\/democratie-au-coeur-de-psl.fr\/#website\",\"url\":\"https:\/\/democratie-au-coeur-de-psl.fr\/\",\"name\":\"D\u00e9mocratie et int\u00e9r\u00eat g\u00e9n\u00e9ral au c\u0153ur de PSL\",\"description\":\"Listes soutenues par la CGT au CA de PSL\",\"publisher\":{\"@id\":\"https:\/\/democratie-au-coeur-de-psl.fr\/#organization\"},\"potentialAction\":[{\"@type\":\"SearchAction\",\"target\":{\"@type\":\"EntryPoint\",\"urlTemplate\":\"https:\/\/democratie-au-coeur-de-psl.fr\/?s={search_term_string}\"},\"query-input\":\"required name=search_term_string\"}],\"inLanguage\":\"fr-FR\"},{\"@type\":\"Organization\",\"@id\":\"https:\/\/democratie-au-coeur-de-psl.fr\/#organization\",\"name\":\"D\u00e9mocratie et int\u00e9r\u00eat g\u00e9n\u00e9ral au c\u0153ur de PSL\",\"url\":\"https:\/\/democratie-au-coeur-de-psl.fr\/\",\"logo\":{\"@type\":\"ImageObject\",\"inLanguage\":\"fr-FR\",\"@id\":\"https:\/\/democratie-au-coeur-de-psl.fr\/#\/schema\/logo\/image\/\",\"url\":\"https:\/\/democratie-au-coeur-de-psl.fr\/wp-content\/uploads\/2020\/07\/cropped-tableau-1.jpg\",\"contentUrl\":\"https:\/\/democratie-au-coeur-de-psl.fr\/wp-content\/uploads\/2020\/07\/cropped-tableau-1.jpg\",\"width\":1920,\"height\":640,\"caption\":\"D\u00e9mocratie et int\u00e9r\u00eat g\u00e9n\u00e9ral au c\u0153ur de PSL\"},\"image\":{\"@id\":\"https:\/\/democratie-au-coeur-de-psl.fr\/#\/schema\/logo\/image\/\"},\"sameAs\":[\"https:\/\/x.com\/Syndic_CA_PSL\"]},{\"@type\":\"Person\",\"@id\":\"https:\/\/democratie-au-coeur-de-psl.fr\/#\/schema\/person\/9ccbcd07fe679049395b52603d1da38d\",\"name\":\"Vos \u00e9lu.es\",\"image\":{\"@type\":\"ImageObject\",\"inLanguage\":\"fr-FR\",\"@id\":\"https:\/\/democratie-au-coeur-de-psl.fr\/#\/schema\/person\/image\/\",\"url\":\"https:\/\/secure.gravatar.com\/avatar\/dd6661114b325758487974f0c7ba15b9?s=96&d=mm&r=g\",\"contentUrl\":\"https:\/\/secure.gravatar.com\/avatar\/dd6661114b325758487974f0c7ba15b9?s=96&d=mm&r=g\",\"caption\":\"Vos \u00e9lu.es\"},\"url\":\"https:\/\/democratie-au-coeur-de-psl.fr\/?author=4\"}]}<\/script>\n<!-- \/ Yoast SEO plugin. -->","yoast_head_json":{"title":"Compte-rendu du conseil d'administration du 13 octobre 2022 - D\u00e9mocratie et int\u00e9r\u00eat g\u00e9n\u00e9ral au c\u0153ur de PSL","robots":{"index":"index","follow":"follow","max-snippet":"max-snippet:-1","max-image-preview":"max-image-preview:large","max-video-preview":"max-video-preview:-1"},"canonical":"https:\/\/democratie-au-coeur-de-psl.fr\/?p=1285","og_locale":"fr_FR","og_type":"article","og_title":"Compte-rendu du conseil d'administration du 13 octobre 2022 - D\u00e9mocratie et int\u00e9r\u00eat g\u00e9n\u00e9ral au c\u0153ur de PSL","og_description":"Lors de ce conseil d&rsquo;administration, nous avons discut\u00e9 de diff\u00e9rents points dont les principaux ont \u00e9t\u00e9 selon nous : la r\u00e9\u00e9valuation de la grille des r\u00e9mun\u00e9rations de 3,5% tenant compte de l\u2019inflation ; l&rsquo;exon\u00e9ration de droits d&rsquo;inscriptions pour les doctorant\u00b7es en raison des cons\u00e9quences de la crise sanitaire sur la conduite des th\u00e8ses ; l&rsquo;accueil &hellip; Compte-rendu du conseil d&rsquo;administration du 13 octobre 2022 Lire la suite\u00a0\u00bb","og_url":"https:\/\/democratie-au-coeur-de-psl.fr\/?p=1285","og_site_name":"D\u00e9mocratie et int\u00e9r\u00eat g\u00e9n\u00e9ral au c\u0153ur de PSL","article_published_time":"2023-09-18T15:59:35+00:00","article_modified_time":"2023-09-18T16:54:36+00:00","author":"Vos \u00e9lu.es","twitter_card":"summary_large_image","twitter_creator":"@Syndic_CA_PSL","twitter_site":"@Syndic_CA_PSL","twitter_misc":{"\u00c9crit par":"Vos \u00e9lu.es","Dur\u00e9e de lecture estim\u00e9e":"3 minutes"},"schema":{"@context":"https:\/\/schema.org","@graph":[{"@type":"Article","@id":"https:\/\/democratie-au-coeur-de-psl.fr\/?p=1285#article","isPartOf":{"@id":"https:\/\/democratie-au-coeur-de-psl.fr\/?p=1285"},"author":{"name":"Vos \u00e9lu.es","@id":"https:\/\/democratie-au-coeur-de-psl.fr\/#\/schema\/person\/9ccbcd07fe679049395b52603d1da38d"},"headline":"Compte-rendu du conseil d&rsquo;administration du 13 octobre 2022","datePublished":"2023-09-18T15:59:35+00:00","dateModified":"2023-09-18T16:54:36+00:00","mainEntityOfPage":{"@id":"https:\/\/democratie-au-coeur-de-psl.fr\/?p=1285"},"wordCount":500,"publisher":{"@id":"https:\/\/democratie-au-coeur-de-psl.fr\/#organization"},"inLanguage":"fr-FR"},{"@type":"WebPage","@id":"https:\/\/democratie-au-coeur-de-psl.fr\/?p=1285","url":"https:\/\/democratie-au-coeur-de-psl.fr\/?p=1285","name":"Compte-rendu du conseil d'administration du 13 octobre 2022 - D\u00e9mocratie et int\u00e9r\u00eat g\u00e9n\u00e9ral au c\u0153ur de PSL","isPartOf":{"@id":"https:\/\/democratie-au-coeur-de-psl.fr\/#website"},"datePublished":"2023-09-18T15:59:35+00:00","dateModified":"2023-09-18T16:54:36+00:00","breadcrumb":{"@id":"https:\/\/democratie-au-coeur-de-psl.fr\/?p=1285#breadcrumb"},"inLanguage":"fr-FR","potentialAction":[{"@type":"ReadAction","target":["https:\/\/democratie-au-coeur-de-psl.fr\/?p=1285"]}]},{"@type":"BreadcrumbList","@id":"https:\/\/democratie-au-coeur-de-psl.fr\/?p=1285#breadcrumb","itemListElement":[{"@type":"ListItem","position":1,"name":"Accueil","item":"https:\/\/democratie-au-coeur-de-psl.fr\/"},{"@type":"ListItem","position":2,"name":"Compte-rendu du conseil d&rsquo;administration du 13 octobre 2022"}]},{"@type":"WebSite","@id":"https:\/\/democratie-au-coeur-de-psl.fr\/#website","url":"https:\/\/democratie-au-coeur-de-psl.fr\/","name":"D\u00e9mocratie et int\u00e9r\u00eat g\u00e9n\u00e9ral au c\u0153ur de PSL","description":"Listes soutenues par la CGT au CA de PSL","publisher":{"@id":"https:\/\/democratie-au-coeur-de-psl.fr\/#organization"},"potentialAction":[{"@type":"SearchAction","target":{"@type":"EntryPoint","urlTemplate":"https:\/\/democratie-au-coeur-de-psl.fr\/?s={search_term_string}"},"query-input":"required name=search_term_string"}],"inLanguage":"fr-FR"},{"@type":"Organization","@id":"https:\/\/democratie-au-coeur-de-psl.fr\/#organization","name":"D\u00e9mocratie et int\u00e9r\u00eat g\u00e9n\u00e9ral au c\u0153ur de PSL","url":"https:\/\/democratie-au-coeur-de-psl.fr\/","logo":{"@type":"ImageObject","inLanguage":"fr-FR","@id":"https:\/\/democratie-au-coeur-de-psl.fr\/#\/schema\/logo\/image\/","url":"https:\/\/democratie-au-coeur-de-psl.fr\/wp-content\/uploads\/2020\/07\/cropped-tableau-1.jpg","contentUrl":"https:\/\/democratie-au-coeur-de-psl.fr\/wp-content\/uploads\/2020\/07\/cropped-tableau-1.jpg","width":1920,"height":640,"caption":"D\u00e9mocratie et int\u00e9r\u00eat g\u00e9n\u00e9ral au c\u0153ur de PSL"},"image":{"@id":"https:\/\/democratie-au-coeur-de-psl.fr\/#\/schema\/logo\/image\/"},"sameAs":["https:\/\/x.com\/Syndic_CA_PSL"]},{"@type":"Person","@id":"https:\/\/democratie-au-coeur-de-psl.fr\/#\/schema\/person\/9ccbcd07fe679049395b52603d1da38d","name":"Vos \u00e9lu.es","image":{"@type":"ImageObject","inLanguage":"fr-FR","@id":"https:\/\/democratie-au-coeur-de-psl.fr\/#\/schema\/person\/image\/","url":"https:\/\/secure.gravatar.com\/avatar\/dd6661114b325758487974f0c7ba15b9?s=96&d=mm&r=g","contentUrl":"https:\/\/secure.gravatar.com\/avatar\/dd6661114b325758487974f0c7ba15b9?s=96&d=mm&r=g","caption":"Vos \u00e9lu.es"},"url":"https:\/\/democratie-au-coeur-de-psl.fr\/?author=4"}]}},"jetpack_sharing_enabled":true,"jetpack_featured_media_url":"","_links":{"self":[{"href":"https:\/\/democratie-au-coeur-de-psl.fr\/index.php?rest_route=\/wp\/v2\/posts\/1285"}],"collection":[{"href":"https:\/\/democratie-au-coeur-de-psl.fr\/index.php?rest_route=\/wp\/v2\/posts"}],"about":[{"href":"https:\/\/democratie-au-coeur-de-psl.fr\/index.php?rest_route=\/wp\/v2\/types\/post"}],"author":[{"embeddable":true,"href":"https:\/\/democratie-au-coeur-de-psl.fr\/index.php?rest_route=\/wp\/v2\/users\/4"}],"replies":[{"embeddable":true,"href":"https:\/\/democratie-au-coeur-de-psl.fr\/index.php?rest_route=%2Fwp%2Fv2%2Fcomments&post=1285"}],"version-history":[{"count":9,"href":"https:\/\/democratie-au-coeur-de-psl.fr\/index.php?rest_route=\/wp\/v2\/posts\/1285\/revisions"}],"predecessor-version":[{"id":1335,"href":"https:\/\/democratie-au-coeur-de-psl.fr\/index.php?rest_route=\/wp\/v2\/posts\/1285\/revisions\/1335"}],"wp:attachment":[{"href":"https:\/\/democratie-au-coeur-de-psl.fr\/index.php?rest_route=%2Fwp%2Fv2%2Fmedia&parent=1285"}],"wp:term":[{"taxonomy":"category","embeddable":true,"href":"https:\/\/democratie-au-coeur-de-psl.fr\/index.php?rest_route=%2Fwp%2Fv2%2Fcategories&post=1285"},{"taxonomy":"post_tag","embeddable":true,"href":"https:\/\/democratie-au-coeur-de-psl.fr\/index.php?rest_route=%2Fwp%2Fv2%2Ftags&post=1285"}],"curies":[{"name":"wp","href":"https:\/\/api.w.org\/{rel}","templated":true}]}}