{"id":1176,"date":"2022-04-12T23:55:09","date_gmt":"2022-04-12T21:55:09","guid":{"rendered":"http:\/\/democratie-au-coeur-de-psl.fr\/?p=1176"},"modified":"2022-04-15T10:37:34","modified_gmt":"2022-04-15T08:37:34","slug":"__trashed","status":"publish","type":"post","link":"https:\/\/democratie-au-coeur-de-psl.fr\/?p=1176","title":{"rendered":"Le pouvoir aux soviets ?"},"content":{"rendered":"\n<p>Un s\u00e9rieux incident a perturb\u00e9 la s\u00e9ance du CA du 16 d\u00e9cembre 2021 (dont un compte rendu plus d\u00e9taill\u00e9 va \u00eatre publi\u00e9 sur ce blog). Suite \u00e0 la promulgation de la LPR, \u00e9tait discut\u00e9e la cr\u00e9ation des Chaires PSL (Tenure Tracks). <\/p>\n\n\n\n<p>Nous, \u00e9lu\u00b7es de la liste \u00ab&nbsp;D\u00e9mocratie et int\u00e9r\u00eat g\u00e9n\u00e9ral au c\u0153ur de PSL&nbsp;\u00bb, sommes donc intervenu\u00b7es pour donner notre position sur ce dispositif, rappeler la forte mobilisation de la communaut\u00e9 contre la LPR, et donner quelques \u00e9l\u00e9ments pour \u00e9tayer notre opposition \u00e0 l\u2019utilisation de tels contrats qui remettent en cause la r\u00e9gulation statutaire des carri\u00e8res dans l&rsquo;enseignement sup\u00e9rieur (imbrication forte des statuts de ma\u00eetre de conf\u00e9rences et de professeur). <\/p>\n\n\n\n<p>Lors de cet \u00e9change, le directeur g\u00e9n\u00e9ral des services de PSL, C\u00e9dric Prunier,  a \u00e9crit un message pour le moins \u00e9trange sur le <em>chat<\/em> de la visioconf\u00e9rence : <\/p>\n\n\n\n<div class=\"wp-block-image\"><figure class=\"aligncenter size-large\"><img loading=\"lazy\" decoding=\"async\" width=\"300\" height=\"422\" src=\"http:\/\/democratie-au-coeur-de-psl.fr\/wp-content\/uploads\/2022\/02\/thumbnail_soviet.png\" alt=\"\" class=\"wp-image-1178\" srcset=\"https:\/\/democratie-au-coeur-de-psl.fr\/wp-content\/uploads\/2022\/02\/thumbnail_soviet.png 300w, https:\/\/democratie-au-coeur-de-psl.fr\/wp-content\/uploads\/2022\/02\/thumbnail_soviet-213x300.png 213w\" sizes=\"(max-width: 300px) 100vw, 300px\" \/><\/figure><\/div>\n\n\n\n<p>Les messages ci-dessus, post\u00e9s par C\u00e9dric Prunier, ont imm\u00e9diatement \u00e9t\u00e9 supprim\u00e9s. Nous en avons d\u00e9duit qu\u2019il a sans doute voulu \u00e9crire en priv\u00e9 pour donner des arguments, ou peut-\u00eatre devrait-on dire des \u00e9l\u00e9ments de langage, \u00e0 un\u00b7e autre membre du directoire.<\/p>\n\n\n\n<p>Il est tr\u00e8s probable que par son \u00ab attaque \u00bb contre <em>le soviet<\/em>, il visait tr\u00e8s directement les \u00e9lu\u00b7es de nos listes (un\u00b7e autre membre du CA a lui aussi \u00e9mit ses doutes quant aux dispositifs de la LPR, il est possible qu\u2019il\/elle ait \u00e9t\u00e9 aussi vis\u00e9\u00b7e). <\/p>\n\n\n\n<p>\u00c9videmment, nous subodorions bien que C\u00e9dric Prunier n&rsquo;avait pas beaucoup d&rsquo;estime pour nos positions et le travail que nous fournissons pour les d\u00e9fendre, mais sa mauvaise ma\u00eetrise des outils informatiques a r\u00e9v\u00e9l\u00e9 un m\u00e9pris plus profond. <\/p>\n\n\n\n<p>Malgr\u00e9 les demandes d&rsquo;explication de plusieurs personnes, notamment d&rsquo;un\u00b7e \u00e9lu\u00b7e d\u2019une autre liste, celui-ci ne s\u2019est pas expliqu\u00e9 devant le CA. Seul Alain Fuchs a bott\u00e9 en touche et pr\u00e9text\u00e9 une blague,  justification  caract\u00e9ristique de l\u2019humour oppressif. <\/p>\n\n\n\n<p> Sur le fond, notre opposition \u00e0 C\u00e9dric Prunier n\u2019est pas nouvelle : on  peut \u00e0 tout le moins dire qu&rsquo;il ne partage pas notre vision d&rsquo;un  enseignement sup\u00e9rieur et de la recherche publics, ouvert au plus grand  nombre et notamment aux classes populaires, bas\u00e9 sur la collaboration  (et non la comp\u00e9tition) et la r\u00e9gulation autonome des carri\u00e8res des  enseignant\u00b7es-chercheur\u00b7ses. Mais nous comprenons que cette vision de  l&rsquo;enseignement sup\u00e9rieur et de la recherche choque certain\u00b7es  acteur\u00b7rices de la mise en \u0153uvre de la verticalit\u00e9 du pouvoir qui  caract\u00e9rise la relation de PSL \u00e0 la communaut\u00e9. <\/p>\n","protected":false},"excerpt":{"rendered":"<p>Un s\u00e9rieux incident a perturb\u00e9 la s\u00e9ance du CA du 16 d\u00e9cembre 2021 (dont un compte rendu plus d\u00e9taill\u00e9 va \u00eatre publi\u00e9 sur ce blog). Suite \u00e0 la promulgation de la LPR, \u00e9tait discut\u00e9e la cr\u00e9ation des Chaires PSL (Tenure Tracks). Nous, \u00e9lu\u00b7es de la liste \u00ab&nbsp;D\u00e9mocratie et int\u00e9r\u00eat g\u00e9n\u00e9ral au c\u0153ur de PSL&nbsp;\u00bb, sommes &hellip;<\/p>\n<p class=\"read-more\"> <a class=\"\" href=\"https:\/\/democratie-au-coeur-de-psl.fr\/?p=1176\"> <span class=\"screen-reader-text\">Le pouvoir aux soviets ?<\/span> Lire la suite\u00a0\u00bb<\/a><\/p>\n","protected":false},"author":5,"featured_media":0,"comment_status":"closed","ping_status":"closed","sticky":false,"template":"","format":"standard","meta":{"_jetpack_memberships_contains_paid_content":false,"footnotes":""},"categories":[29],"tags":[],"yoast_head":"<!-- This site is optimized with the Yoast SEO plugin v22.9 - https:\/\/yoast.com\/wordpress\/plugins\/seo\/ -->\n<title>Le pouvoir aux soviets ? - D\u00e9mocratie et int\u00e9r\u00eat g\u00e9n\u00e9ral au c\u0153ur de PSL<\/title>\n<meta name=\"robots\" content=\"index, follow, max-snippet:-1, max-image-preview:large, max-video-preview:-1\" \/>\n<link rel=\"canonical\" href=\"https:\/\/democratie-au-coeur-de-psl.fr\/?p=1176\" \/>\n<meta property=\"og:locale\" content=\"fr_FR\" \/>\n<meta property=\"og:type\" content=\"article\" \/>\n<meta property=\"og:title\" content=\"Le pouvoir aux soviets ? - D\u00e9mocratie et int\u00e9r\u00eat g\u00e9n\u00e9ral au c\u0153ur de PSL\" \/>\n<meta property=\"og:description\" content=\"Un s\u00e9rieux incident a perturb\u00e9 la s\u00e9ance du CA du 16 d\u00e9cembre 2021 (dont un compte rendu plus d\u00e9taill\u00e9 va \u00eatre publi\u00e9 sur ce blog). Suite \u00e0 la promulgation de la LPR, \u00e9tait discut\u00e9e la cr\u00e9ation des Chaires PSL (Tenure Tracks). Nous, \u00e9lu\u00b7es de la liste \u00ab&nbsp;D\u00e9mocratie et int\u00e9r\u00eat g\u00e9n\u00e9ral au c\u0153ur de PSL&nbsp;\u00bb, sommes &hellip; Le pouvoir aux soviets ? Lire la suite\u00a0\u00bb\" \/>\n<meta property=\"og:url\" content=\"https:\/\/democratie-au-coeur-de-psl.fr\/?p=1176\" \/>\n<meta property=\"og:site_name\" content=\"D\u00e9mocratie et int\u00e9r\u00eat g\u00e9n\u00e9ral au c\u0153ur de PSL\" \/>\n<meta property=\"article:published_time\" content=\"2022-04-12T21:55:09+00:00\" \/>\n<meta property=\"article:modified_time\" content=\"2022-04-15T08:37:34+00:00\" \/>\n<meta property=\"og:image\" content=\"http:\/\/democratie-au-coeur-de-psl.fr\/wp-content\/uploads\/2022\/02\/thumbnail_soviet.png\" \/>\n<meta name=\"author\" content=\"Vos \u00e9lu.es\" \/>\n<meta name=\"twitter:card\" content=\"summary_large_image\" \/>\n<meta name=\"twitter:creator\" content=\"@Syndic_CA_PSL\" \/>\n<meta name=\"twitter:site\" content=\"@Syndic_CA_PSL\" \/>\n<meta name=\"twitter:label1\" content=\"\u00c9crit par\" \/>\n\t<meta name=\"twitter:data1\" content=\"Vos \u00e9lu.es\" \/>\n\t<meta name=\"twitter:label2\" content=\"Dur\u00e9e de lecture estim\u00e9e\" \/>\n\t<meta name=\"twitter:data2\" content=\"2 minutes\" \/>\n<script type=\"application\/ld+json\" class=\"yoast-schema-graph\">{\"@context\":\"https:\/\/schema.org\",\"@graph\":[{\"@type\":\"Article\",\"@id\":\"https:\/\/democratie-au-coeur-de-psl.fr\/?p=1176#article\",\"isPartOf\":{\"@id\":\"https:\/\/democratie-au-coeur-de-psl.fr\/?p=1176\"},\"author\":{\"name\":\"Vos \u00e9lu.es\",\"@id\":\"https:\/\/democratie-au-coeur-de-psl.fr\/#\/schema\/person\/5f20bbea119cbc6392e05bc994873cc0\"},\"headline\":\"Le pouvoir aux soviets ?\",\"datePublished\":\"2022-04-12T21:55:09+00:00\",\"dateModified\":\"2022-04-15T08:37:34+00:00\",\"mainEntityOfPage\":{\"@id\":\"https:\/\/democratie-au-coeur-de-psl.fr\/?p=1176\"},\"wordCount\":453,\"publisher\":{\"@id\":\"https:\/\/democratie-au-coeur-de-psl.fr\/#organization\"},\"image\":{\"@id\":\"https:\/\/democratie-au-coeur-de-psl.fr\/?p=1176#primaryimage\"},\"thumbnailUrl\":\"http:\/\/democratie-au-coeur-de-psl.fr\/wp-content\/uploads\/2022\/02\/thumbnail_soviet.png\",\"articleSection\":[\"Billet d'humeur\"],\"inLanguage\":\"fr-FR\"},{\"@type\":\"WebPage\",\"@id\":\"https:\/\/democratie-au-coeur-de-psl.fr\/?p=1176\",\"url\":\"https:\/\/democratie-au-coeur-de-psl.fr\/?p=1176\",\"name\":\"Le pouvoir aux soviets ? - D\u00e9mocratie et int\u00e9r\u00eat g\u00e9n\u00e9ral au c\u0153ur de PSL\",\"isPartOf\":{\"@id\":\"https:\/\/democratie-au-coeur-de-psl.fr\/#website\"},\"primaryImageOfPage\":{\"@id\":\"https:\/\/democratie-au-coeur-de-psl.fr\/?p=1176#primaryimage\"},\"image\":{\"@id\":\"https:\/\/democratie-au-coeur-de-psl.fr\/?p=1176#primaryimage\"},\"thumbnailUrl\":\"http:\/\/democratie-au-coeur-de-psl.fr\/wp-content\/uploads\/2022\/02\/thumbnail_soviet.png\",\"datePublished\":\"2022-04-12T21:55:09+00:00\",\"dateModified\":\"2022-04-15T08:37:34+00:00\",\"breadcrumb\":{\"@id\":\"https:\/\/democratie-au-coeur-de-psl.fr\/?p=1176#breadcrumb\"},\"inLanguage\":\"fr-FR\",\"potentialAction\":[{\"@type\":\"ReadAction\",\"target\":[\"https:\/\/democratie-au-coeur-de-psl.fr\/?p=1176\"]}]},{\"@type\":\"ImageObject\",\"inLanguage\":\"fr-FR\",\"@id\":\"https:\/\/democratie-au-coeur-de-psl.fr\/?p=1176#primaryimage\",\"url\":\"https:\/\/democratie-au-coeur-de-psl.fr\/wp-content\/uploads\/2022\/02\/thumbnail_soviet.png\",\"contentUrl\":\"https:\/\/democratie-au-coeur-de-psl.fr\/wp-content\/uploads\/2022\/02\/thumbnail_soviet.png\",\"width\":300,\"height\":422},{\"@type\":\"BreadcrumbList\",\"@id\":\"https:\/\/democratie-au-coeur-de-psl.fr\/?p=1176#breadcrumb\",\"itemListElement\":[{\"@type\":\"ListItem\",\"position\":1,\"name\":\"Accueil\",\"item\":\"https:\/\/democratie-au-coeur-de-psl.fr\/\"},{\"@type\":\"ListItem\",\"position\":2,\"name\":\"Le pouvoir aux soviets ?\"}]},{\"@type\":\"WebSite\",\"@id\":\"https:\/\/democratie-au-coeur-de-psl.fr\/#website\",\"url\":\"https:\/\/democratie-au-coeur-de-psl.fr\/\",\"name\":\"D\u00e9mocratie et int\u00e9r\u00eat g\u00e9n\u00e9ral au c\u0153ur de PSL\",\"description\":\"Listes soutenues par la CGT au CA de PSL\",\"publisher\":{\"@id\":\"https:\/\/democratie-au-coeur-de-psl.fr\/#organization\"},\"potentialAction\":[{\"@type\":\"SearchAction\",\"target\":{\"@type\":\"EntryPoint\",\"urlTemplate\":\"https:\/\/democratie-au-coeur-de-psl.fr\/?s={search_term_string}\"},\"query-input\":\"required name=search_term_string\"}],\"inLanguage\":\"fr-FR\"},{\"@type\":\"Organization\",\"@id\":\"https:\/\/democratie-au-coeur-de-psl.fr\/#organization\",\"name\":\"D\u00e9mocratie et int\u00e9r\u00eat g\u00e9n\u00e9ral au c\u0153ur de PSL\",\"url\":\"https:\/\/democratie-au-coeur-de-psl.fr\/\",\"logo\":{\"@type\":\"ImageObject\",\"inLanguage\":\"fr-FR\",\"@id\":\"https:\/\/democratie-au-coeur-de-psl.fr\/#\/schema\/logo\/image\/\",\"url\":\"https:\/\/democratie-au-coeur-de-psl.fr\/wp-content\/uploads\/2020\/07\/cropped-tableau-1.jpg\",\"contentUrl\":\"https:\/\/democratie-au-coeur-de-psl.fr\/wp-content\/uploads\/2020\/07\/cropped-tableau-1.jpg\",\"width\":1920,\"height\":640,\"caption\":\"D\u00e9mocratie et int\u00e9r\u00eat g\u00e9n\u00e9ral au c\u0153ur de PSL\"},\"image\":{\"@id\":\"https:\/\/democratie-au-coeur-de-psl.fr\/#\/schema\/logo\/image\/\"},\"sameAs\":[\"https:\/\/x.com\/Syndic_CA_PSL\"]},{\"@type\":\"Person\",\"@id\":\"https:\/\/democratie-au-coeur-de-psl.fr\/#\/schema\/person\/5f20bbea119cbc6392e05bc994873cc0\",\"name\":\"Vos \u00e9lu.es\",\"image\":{\"@type\":\"ImageObject\",\"inLanguage\":\"fr-FR\",\"@id\":\"https:\/\/democratie-au-coeur-de-psl.fr\/#\/schema\/person\/image\/\",\"url\":\"https:\/\/secure.gravatar.com\/avatar\/d7d870fa15e66dda52cdcb1e1b437706?s=96&d=mm&r=g\",\"contentUrl\":\"https:\/\/secure.gravatar.com\/avatar\/d7d870fa15e66dda52cdcb1e1b437706?s=96&d=mm&r=g\",\"caption\":\"Vos \u00e9lu.es\"},\"url\":\"https:\/\/democratie-au-coeur-de-psl.fr\/?author=5\"}]}<\/script>\n<!-- \/ Yoast SEO plugin. -->","yoast_head_json":{"title":"Le pouvoir aux soviets ? - D\u00e9mocratie et int\u00e9r\u00eat g\u00e9n\u00e9ral au c\u0153ur de PSL","robots":{"index":"index","follow":"follow","max-snippet":"max-snippet:-1","max-image-preview":"max-image-preview:large","max-video-preview":"max-video-preview:-1"},"canonical":"https:\/\/democratie-au-coeur-de-psl.fr\/?p=1176","og_locale":"fr_FR","og_type":"article","og_title":"Le pouvoir aux soviets ? - D\u00e9mocratie et int\u00e9r\u00eat g\u00e9n\u00e9ral au c\u0153ur de PSL","og_description":"Un s\u00e9rieux incident a perturb\u00e9 la s\u00e9ance du CA du 16 d\u00e9cembre 2021 (dont un compte rendu plus d\u00e9taill\u00e9 va \u00eatre publi\u00e9 sur ce blog). Suite \u00e0 la promulgation de la LPR, \u00e9tait discut\u00e9e la cr\u00e9ation des Chaires PSL (Tenure Tracks). Nous, \u00e9lu\u00b7es de la liste \u00ab&nbsp;D\u00e9mocratie et int\u00e9r\u00eat g\u00e9n\u00e9ral au c\u0153ur de PSL&nbsp;\u00bb, sommes &hellip; Le pouvoir aux soviets ? Lire la suite\u00a0\u00bb","og_url":"https:\/\/democratie-au-coeur-de-psl.fr\/?p=1176","og_site_name":"D\u00e9mocratie et int\u00e9r\u00eat g\u00e9n\u00e9ral au c\u0153ur de PSL","article_published_time":"2022-04-12T21:55:09+00:00","article_modified_time":"2022-04-15T08:37:34+00:00","og_image":[{"url":"http:\/\/democratie-au-coeur-de-psl.fr\/wp-content\/uploads\/2022\/02\/thumbnail_soviet.png"}],"author":"Vos \u00e9lu.es","twitter_card":"summary_large_image","twitter_creator":"@Syndic_CA_PSL","twitter_site":"@Syndic_CA_PSL","twitter_misc":{"\u00c9crit par":"Vos \u00e9lu.es","Dur\u00e9e de lecture estim\u00e9e":"2 minutes"},"schema":{"@context":"https:\/\/schema.org","@graph":[{"@type":"Article","@id":"https:\/\/democratie-au-coeur-de-psl.fr\/?p=1176#article","isPartOf":{"@id":"https:\/\/democratie-au-coeur-de-psl.fr\/?p=1176"},"author":{"name":"Vos \u00e9lu.es","@id":"https:\/\/democratie-au-coeur-de-psl.fr\/#\/schema\/person\/5f20bbea119cbc6392e05bc994873cc0"},"headline":"Le pouvoir aux soviets ?","datePublished":"2022-04-12T21:55:09+00:00","dateModified":"2022-04-15T08:37:34+00:00","mainEntityOfPage":{"@id":"https:\/\/democratie-au-coeur-de-psl.fr\/?p=1176"},"wordCount":453,"publisher":{"@id":"https:\/\/democratie-au-coeur-de-psl.fr\/#organization"},"image":{"@id":"https:\/\/democratie-au-coeur-de-psl.fr\/?p=1176#primaryimage"},"thumbnailUrl":"http:\/\/democratie-au-coeur-de-psl.fr\/wp-content\/uploads\/2022\/02\/thumbnail_soviet.png","articleSection":["Billet d'humeur"],"inLanguage":"fr-FR"},{"@type":"WebPage","@id":"https:\/\/democratie-au-coeur-de-psl.fr\/?p=1176","url":"https:\/\/democratie-au-coeur-de-psl.fr\/?p=1176","name":"Le pouvoir aux soviets ? - D\u00e9mocratie et int\u00e9r\u00eat g\u00e9n\u00e9ral au c\u0153ur de PSL","isPartOf":{"@id":"https:\/\/democratie-au-coeur-de-psl.fr\/#website"},"primaryImageOfPage":{"@id":"https:\/\/democratie-au-coeur-de-psl.fr\/?p=1176#primaryimage"},"image":{"@id":"https:\/\/democratie-au-coeur-de-psl.fr\/?p=1176#primaryimage"},"thumbnailUrl":"http:\/\/democratie-au-coeur-de-psl.fr\/wp-content\/uploads\/2022\/02\/thumbnail_soviet.png","datePublished":"2022-04-12T21:55:09+00:00","dateModified":"2022-04-15T08:37:34+00:00","breadcrumb":{"@id":"https:\/\/democratie-au-coeur-de-psl.fr\/?p=1176#breadcrumb"},"inLanguage":"fr-FR","potentialAction":[{"@type":"ReadAction","target":["https:\/\/democratie-au-coeur-de-psl.fr\/?p=1176"]}]},{"@type":"ImageObject","inLanguage":"fr-FR","@id":"https:\/\/democratie-au-coeur-de-psl.fr\/?p=1176#primaryimage","url":"https:\/\/democratie-au-coeur-de-psl.fr\/wp-content\/uploads\/2022\/02\/thumbnail_soviet.png","contentUrl":"https:\/\/democratie-au-coeur-de-psl.fr\/wp-content\/uploads\/2022\/02\/thumbnail_soviet.png","width":300,"height":422},{"@type":"BreadcrumbList","@id":"https:\/\/democratie-au-coeur-de-psl.fr\/?p=1176#breadcrumb","itemListElement":[{"@type":"ListItem","position":1,"name":"Accueil","item":"https:\/\/democratie-au-coeur-de-psl.fr\/"},{"@type":"ListItem","position":2,"name":"Le pouvoir aux soviets ?"}]},{"@type":"WebSite","@id":"https:\/\/democratie-au-coeur-de-psl.fr\/#website","url":"https:\/\/democratie-au-coeur-de-psl.fr\/","name":"D\u00e9mocratie et int\u00e9r\u00eat g\u00e9n\u00e9ral au c\u0153ur de PSL","description":"Listes soutenues par la CGT au CA de PSL","publisher":{"@id":"https:\/\/democratie-au-coeur-de-psl.fr\/#organization"},"potentialAction":[{"@type":"SearchAction","target":{"@type":"EntryPoint","urlTemplate":"https:\/\/democratie-au-coeur-de-psl.fr\/?s={search_term_string}"},"query-input":"required name=search_term_string"}],"inLanguage":"fr-FR"},{"@type":"Organization","@id":"https:\/\/democratie-au-coeur-de-psl.fr\/#organization","name":"D\u00e9mocratie et int\u00e9r\u00eat g\u00e9n\u00e9ral au c\u0153ur de PSL","url":"https:\/\/democratie-au-coeur-de-psl.fr\/","logo":{"@type":"ImageObject","inLanguage":"fr-FR","@id":"https:\/\/democratie-au-coeur-de-psl.fr\/#\/schema\/logo\/image\/","url":"https:\/\/democratie-au-coeur-de-psl.fr\/wp-content\/uploads\/2020\/07\/cropped-tableau-1.jpg","contentUrl":"https:\/\/democratie-au-coeur-de-psl.fr\/wp-content\/uploads\/2020\/07\/cropped-tableau-1.jpg","width":1920,"height":640,"caption":"D\u00e9mocratie et int\u00e9r\u00eat g\u00e9n\u00e9ral au c\u0153ur de PSL"},"image":{"@id":"https:\/\/democratie-au-coeur-de-psl.fr\/#\/schema\/logo\/image\/"},"sameAs":["https:\/\/x.com\/Syndic_CA_PSL"]},{"@type":"Person","@id":"https:\/\/democratie-au-coeur-de-psl.fr\/#\/schema\/person\/5f20bbea119cbc6392e05bc994873cc0","name":"Vos \u00e9lu.es","image":{"@type":"ImageObject","inLanguage":"fr-FR","@id":"https:\/\/democratie-au-coeur-de-psl.fr\/#\/schema\/person\/image\/","url":"https:\/\/secure.gravatar.com\/avatar\/d7d870fa15e66dda52cdcb1e1b437706?s=96&d=mm&r=g","contentUrl":"https:\/\/secure.gravatar.com\/avatar\/d7d870fa15e66dda52cdcb1e1b437706?s=96&d=mm&r=g","caption":"Vos \u00e9lu.es"},"url":"https:\/\/democratie-au-coeur-de-psl.fr\/?author=5"}]}},"jetpack_sharing_enabled":true,"jetpack_featured_media_url":"","_links":{"self":[{"href":"https:\/\/democratie-au-coeur-de-psl.fr\/index.php?rest_route=\/wp\/v2\/posts\/1176"}],"collection":[{"href":"https:\/\/democratie-au-coeur-de-psl.fr\/index.php?rest_route=\/wp\/v2\/posts"}],"about":[{"href":"https:\/\/democratie-au-coeur-de-psl.fr\/index.php?rest_route=\/wp\/v2\/types\/post"}],"author":[{"embeddable":true,"href":"https:\/\/democratie-au-coeur-de-psl.fr\/index.php?rest_route=\/wp\/v2\/users\/5"}],"replies":[{"embeddable":true,"href":"https:\/\/democratie-au-coeur-de-psl.fr\/index.php?rest_route=%2Fwp%2Fv2%2Fcomments&post=1176"}],"version-history":[{"count":17,"href":"https:\/\/democratie-au-coeur-de-psl.fr\/index.php?rest_route=\/wp\/v2\/posts\/1176\/revisions"}],"predecessor-version":[{"id":1215,"href":"https:\/\/democratie-au-coeur-de-psl.fr\/index.php?rest_route=\/wp\/v2\/posts\/1176\/revisions\/1215"}],"wp:attachment":[{"href":"https:\/\/democratie-au-coeur-de-psl.fr\/index.php?rest_route=%2Fwp%2Fv2%2Fmedia&parent=1176"}],"wp:term":[{"taxonomy":"category","embeddable":true,"href":"https:\/\/democratie-au-coeur-de-psl.fr\/index.php?rest_route=%2Fwp%2Fv2%2Fcategories&post=1176"},{"taxonomy":"post_tag","embeddable":true,"href":"https:\/\/democratie-au-coeur-de-psl.fr\/index.php?rest_route=%2Fwp%2Fv2%2Ftags&post=1176"}],"curies":[{"name":"wp","href":"https:\/\/api.w.org\/{rel}","templated":true}]}}